{"id":25319,"date":"2021-08-10T19:45:53","date_gmt":"2021-08-10T22:45:53","guid":{"rendered":"https:\/\/pinews.com.br\/?p=25319"},"modified":"2021-08-10T19:45:53","modified_gmt":"2021-08-10T22:45:53","slug":"menino-de-um-ano-sai-de-casa-entra-em-acude-e-morre-afogado-em-municipio-do-piaui","status":"publish","type":"post","link":"https:\/\/pinews.com.br\/index.php\/2021\/08\/10\/menino-de-um-ano-sai-de-casa-entra-em-acude-e-morre-afogado-em-municipio-do-piaui\/","title":{"rendered":"Menino de um ano sai de casa, entra em a\u00e7ude e morre afogado em munic\u00edpio do Piau\u00ed"},"content":{"rendered":"\n<p>Um garoto de um ano e cinco meses, identificado como Heitor da Silva Brito, faleceu nesta segunda-feira (09\/08), vitima de afogamento em uma pequena barragem situada ao lado da casa onde reside, na comunidade Franco, zona rural de Cocal, munic\u00edpio da regi\u00e3o Norte do Piau\u00ed.<\/p>\n\n\n\n<p>Um familiar informou que o garoto e os pais estavam no interior da resid\u00eancia e em dado momento a crian\u00e7a saiu do recinto sem ser percebida. Os pais ao sa\u00edrem em busca do filho, acabaram o encontrando no terreno ao lado da casa que moram, j\u00e1 sem vida, parcialmente submerso \u00e0s margens do a\u00e7ude, que fica a cerca de 20 metros do im\u00f3vel.<\/p>\n\n\n\n<figure class=\"wp-block-image\"><a href=\"https:\/\/i0.wp.com\/storage.stwonline.com.br\/180graus\/uploads\/ckeditor\/pictures\/2474942\/yhtjtuy.jpg?ssl=1\"><img decoding=\"async\" src=\"https:\/\/i0.wp.com\/storage.stwonline.com.br\/180graus\/uploads\/ckeditor\/pictures\/2474942\/yhtjtuy.jpg?w=1220&amp;ssl=1\" alt=\"\"\/><\/a><figcaption>Reprodu\u00e7\u00e3o<\/figcaption><\/figure>\n\n\n\n<p>Uma equipe de agentes lotados na Delegacia de Pol\u00edcia Civil esteve no local e constatou, preliminarmente, que o menino teve acesso a represa ap\u00f3s passar por um uma pequena falha encontrada na cerca que limita os terrenos. No entorno ainda foi poss\u00edvel encontrar as pegadas da crian\u00e7a em dire\u00e7\u00e3o a \u00e1gua.<\/p>\n\n\n\n<figure class=\"wp-block-image\"><a href=\"https:\/\/i0.wp.com\/storage.stwonline.com.br\/180graus\/uploads\/ckeditor\/pictures\/2474943\/tjytuy7ik7.jpg?ssl=1\"><img decoding=\"async\" src=\"https:\/\/i0.wp.com\/storage.stwonline.com.br\/180graus\/uploads\/ckeditor\/pictures\/2474943\/tjytuy7ik7.jpg?w=1220&amp;ssl=1\" alt=\"\"\/><\/a><figcaption>Reprodu\u00e7\u00e3o<\/figcaption><\/figure>\n\n\n\n<p><strong>CORPO DE CRIAN\u00c7A N\u00c3O PASSOU POR PER\u00cdCIA&nbsp;<\/strong><br>O caso em tela j\u00e1 \u00e9 a&nbsp;segunda ocorr\u00eancia registrada em um intervalo de menos de 48 horas somente na cidade de Cocal, em que profissionais do IML (Instituto M\u00e9dico Legal) de Parna\u00edba ficaram impossibilitados de exercerem as suas fun\u00e7\u00f5es pela aus\u00eancia de uma viatura do tipo rabec\u00e3o, para fazer o transporte de cad\u00e1veres.<\/p>\n\n\n\n<p>O trabalho t\u00e9cnico-cient\u00edfico de per\u00edcia, prosseguida da remo\u00e7\u00e3o do corpo a um posto do IML \u00e9 essencial em casos de morte violenta ou suspeita. Tal fato est\u00e1 prejudicando o desenvolvimento do trabalho da Pol\u00edcia Civil e posteriormente vai gerar um constrangimento ainda maior a fam\u00edlia da v\u00edtima, que ser\u00e1 submetida a exuma\u00e7\u00e3o por falta de um laudo de exame cadav\u00e9rico.<\/p>\n\n\n\n<p>Atualmente, o IML de Parna\u00edba conta apenas com duas viaturas para recolher corpos, sendo que uma est\u00e1 em manuten\u00e7\u00e3o na capital e a outra se encontra encostada por apresentar problemas mec\u00e2nicos.<\/p>\n\n\n\n<p><strong>Fonte: Blog do Coveiro<\/strong><\/p>\n\n\n\n<p><\/p>\n","protected":false},"excerpt":{"rendered":"<p>Um garoto de um ano e cinco meses, identificado como Heitor da Silva Brito, faleceu nesta segunda-feira (09\/08), vitima de afogamento em uma pequena barragem situada ao lado da casa onde reside, na comunidade Franco, zona rural de Cocal, munic\u00edpio da regi\u00e3o Norte do Piau\u00ed. Um familiar informou que o garoto e os pais estavam [&hellip;]<\/p>\n","protected":false},"author":1,"featured_media":25320,"comment_status":"open","ping_status":"open","sticky":false,"template":"","format":"standard","meta":{"beyondwords_generate_audio":"","beyondwords_project_id":"","beyondwords_podcast_id":"","beyondwords_hash":"","beyondwords_error_message":"","beyondwords_disabled":"","publish_post_to_speechkit":"","speechkit_generate_audio":"","speechkit_project_id":"","speechkit_podcast_id":"","speechkit_hash":"","speechkit_error_message":"","speechkit_disabled":"","speechkit_access_key":"","speechkit_error":"","speechkit_info":"","speechkit_response":"","speechkit_retries":"","_speechkit_link":"","_speechkit_text":""},"categories":[51],"tags":[1224,278,602,149,44,46,5465,1267,119,50,52,969,436],"jetpack_featured_media_url":"","_links":{"self":[{"href":"https:\/\/pinews.com.br\/index.php\/wp-json\/wp\/v2\/posts\/25319"}],"collection":[{"href":"https:\/\/pinews.com.br\/index.php\/wp-json\/wp\/v2\/posts"}],"about":[{"href":"https:\/\/pinews.com.br\/index.php\/wp-json\/wp\/v2\/types\/post"}],"author":[{"embeddable":true,"href":"https:\/\/pinews.com.br\/index.php\/wp-json\/wp\/v2\/users\/1"}],"replies":[{"embeddable":true,"href":"https:\/\/pinews.com.br\/index.php\/wp-json\/wp\/v2\/comments?post=25319"}],"version-history":[{"count":0,"href":"https:\/\/pinews.com.br\/index.php\/wp-json\/wp\/v2\/posts\/25319\/revisions"}],"wp:featuredmedia":[{"embeddable":true,"href":"https:\/\/pinews.com.br\/index.php\/wp-json\/"}],"wp:attachment":[{"href":"https:\/\/pinews.com.br\/index.php\/wp-json\/wp\/v2\/media?parent=25319"}],"wp:term":[{"taxonomy":"category","embeddable":true,"href":"https:\/\/pinews.com.br\/index.php\/wp-json\/wp\/v2\/categories?post=25319"},{"taxonomy":"post_tag","embeddable":true,"href":"https:\/\/pinews.com.br\/index.php\/wp-json\/wp\/v2\/tags?post=25319"}],"curies":[{"name":"wp","href":"https:\/\/api.w.org\/{rel}","templated":true}]}}