{"id":25362,"date":"2021-08-12T10:45:43","date_gmt":"2021-08-12T13:45:43","guid":{"rendered":"https:\/\/pinews.com.br\/?p=25362"},"modified":"2021-08-12T10:45:43","modified_gmt":"2021-08-12T13:45:43","slug":"projeto-que-institui-galinha-da-canela-preta-como-patrimonio-historico-e-cultural-e-aprovado-na-alepi","status":"publish","type":"post","link":"https:\/\/pinews.com.br\/index.php\/2021\/08\/12\/projeto-que-institui-galinha-da-canela-preta-como-patrimonio-historico-e-cultural-e-aprovado-na-alepi\/","title":{"rendered":"Projeto que institui galinha da &#8216;canela-preta&#8217; como patrim\u00f4nio hist\u00f3rico e cultural \u00e9 aprovado na Alepi"},"content":{"rendered":"\n<p>O projeto de lei que institui a galinha da ra\u00e7a \u201cCanela-Preta\u201d como patrim\u00f4nio hist\u00f3rico, cultural e gen\u00e9tico do estado foi aprovada na Assembleia Legislativa do Piau\u00ed (Alepi). O projeto de autoria da deputada Elis\u00e2ngela Moura (PC do B) segue para san\u00e7\u00e3o do governador do Piau\u00ed, Wellington Dias (PT).<\/p>\n\n\n\n<p>O animal \u00e9 considerado como a aut\u00eantica galinha caipira e \u00e9 marcado por suas plumagens escuras, principalmente nos membros inferiores e outras caracter\u00edsticas peculiares da esp\u00e9cie.<\/p>\n\n\n\n<p>Segundo Elis\u00e2ngela Moura, a galinha \u00e9 mais comum em Queimada Nova, munic\u00edpio considerado ber\u00e7o da ra\u00e7a. At\u00e9 agora, a ra\u00e7a &#8220;Canela-Preta&#8221; foi mapeada em pelo menos 49 munic\u00edpios piauienses com criadores de refer\u00eancia.<\/p>\n\n\n\n<p>O macho castrado dessa esp\u00e9cie \u00e9 chamado de \u201cCap\u00e3o\u201d. Ele passa por um processo de engorda at\u00e9 ser comercializado. Se diferenciam das f\u00eameas pelo porte maior e t\u00eam um papel importante na culin\u00e1ria regional.<\/p>\n\n\n\n<p>\u201cEsse animal cresce mais, vai ter uma carne mais macia e ac\u00famulo maior de gordura. \u00c9 algo inerente as festividades da nossa cultura: o padre, quando vai fazer o batismo ou uma fam\u00edlia quando casa algu\u00e9m na zona rural, ele tem o \u2018cap\u00e3o\u2019 como um diferencial para ofertar&#8221;, comentou o veterin\u00e1rio An\u00edsio Lima<strong>.<\/strong><\/p>\n\n\n\n<figure class=\"wp-block-image\"><img decoding=\"async\" src=\"https:\/\/s2.glbimg.com\/mWR2-rg8KNFHf_vNC_NjKVN8mfo=\/0x50:1098x614\/984x0\/smart\/filters:strip_icc()\/i.s3.glbimg.com\/v1\/AUTH_59edd422c0c84a879bd37670ae4f538a\/internal_photos\/bs\/2020\/q\/b\/7eF3oXRj687tyAzBA0uw\/captura-de-tela-2020-07-17-as-17.04.38.jpg\" alt=\"A caracter\u00edstica tem rela\u00e7\u00e3o com a prote\u00e7\u00e3o natural das aves. \u2014 Foto:  Foto: TV Clube\"\/><figcaption>A caracter\u00edstica tem rela\u00e7\u00e3o com a prote\u00e7\u00e3o natural das aves. \u2014 Foto: Foto: TV Clube<\/figcaption><\/figure>\n\n\n\n<p>Outro diferencial da galinha \u00e9 em rela\u00e7\u00e3o aos seus ovos de cores diferentes. As galinhas p\u00f5em ovos de colora\u00e7\u00e3o amarela, vermelha, azul e esverdeadas. A caracter\u00edstica tem rela\u00e7\u00e3o com a prote\u00e7\u00e3o natural das aves.<\/p>\n\n\n\n<p><strong>Fonte: G1 PI<\/strong><\/p>\n","protected":false},"excerpt":{"rendered":"<p>O projeto de lei que institui a galinha da ra\u00e7a \u201cCanela-Preta\u201d como patrim\u00f4nio hist\u00f3rico, cultural e gen\u00e9tico do estado foi aprovada na Assembleia Legislativa do Piau\u00ed (Alepi). O projeto de autoria da deputada Elis\u00e2ngela Moura (PC do B) segue para san\u00e7\u00e3o do governador do Piau\u00ed, Wellington Dias (PT). O animal \u00e9 considerado como a aut\u00eantica [&hellip;]<\/p>\n","protected":false},"author":1,"featured_media":25364,"comment_status":"open","ping_status":"open","sticky":false,"template":"","format":"standard","meta":{"beyondwords_generate_audio":"","beyondwords_project_id":"","beyondwords_podcast_id":"","beyondwords_hash":"","beyondwords_error_message":"","beyondwords_disabled":"","publish_post_to_speechkit":"","speechkit_generate_audio":"","speechkit_project_id":"","speechkit_podcast_id":"","speechkit_hash":"","speechkit_error_message":"","speechkit_disabled":"","speechkit_access_key":"","speechkit_error":"","speechkit_info":"","speechkit_response":"","speechkit_retries":"","_speechkit_link":"","_speechkit_text":""},"categories":[51],"tags":[7887,2072,8893,420,8171,122,72,8894,4233,8267,91,8895,1030],"jetpack_featured_media_url":"","_links":{"self":[{"href":"https:\/\/pinews.com.br\/index.php\/wp-json\/wp\/v2\/posts\/25362"}],"collection":[{"href":"https:\/\/pinews.com.br\/index.php\/wp-json\/wp\/v2\/posts"}],"about":[{"href":"https:\/\/pinews.com.br\/index.php\/wp-json\/wp\/v2\/types\/post"}],"author":[{"embeddable":true,"href":"https:\/\/pinews.com.br\/index.php\/wp-json\/wp\/v2\/users\/1"}],"replies":[{"embeddable":true,"href":"https:\/\/pinews.com.br\/index.php\/wp-json\/wp\/v2\/comments?post=25362"}],"version-history":[{"count":0,"href":"https:\/\/pinews.com.br\/index.php\/wp-json\/wp\/v2\/posts\/25362\/revisions"}],"wp:featuredmedia":[{"embeddable":true,"href":"https:\/\/pinews.com.br\/index.php\/wp-json\/"}],"wp:attachment":[{"href":"https:\/\/pinews.com.br\/index.php\/wp-json\/wp\/v2\/media?parent=25362"}],"wp:term":[{"taxonomy":"category","embeddable":true,"href":"https:\/\/pinews.com.br\/index.php\/wp-json\/wp\/v2\/categories?post=25362"},{"taxonomy":"post_tag","embeddable":true,"href":"https:\/\/pinews.com.br\/index.php\/wp-json\/wp\/v2\/tags?post=25362"}],"curies":[{"name":"wp","href":"https:\/\/api.w.org\/{rel}","templated":true}]}}