{"id":25384,"date":"2021-08-12T19:59:46","date_gmt":"2021-08-12T22:59:46","guid":{"rendered":"https:\/\/pinews.com.br\/?p=25384"},"modified":"2021-08-12T19:59:46","modified_gmt":"2021-08-12T22:59:46","slug":"homem-e-preso-com-carros-roubados-de-policial-federal-aposentado-no-piaui","status":"publish","type":"post","link":"https:\/\/pinews.com.br\/index.php\/2021\/08\/12\/homem-e-preso-com-carros-roubados-de-policial-federal-aposentado-no-piaui\/","title":{"rendered":"Homem \u00e9 preso com carros roubados de policial federal aposentado no Piau\u00ed"},"content":{"rendered":"\n<p>Um homem, de nome n\u00e3o divulgado, foi preso na manh\u00e3 desta quinta-feira (12) com dois carros e outros objetos roubados durante um arrast\u00e3o na casa de um policial federal aposentado na Zona Norte de Teresina. Segundo a pol\u00edcia, o suspeito serviu temporariamente no Ex\u00e9rcito Brasileiro.<\/p>\n\n\n\n<p>O homem foi abordado por policiais militares no bairro Promorar. Ele estava com um carro que foi utilizado no assalto \u00e0 resid\u00eancia do policial e ainda em outros crimes na regi\u00e3o da Zona Sul da capital.<\/p>\n\n\n\n<p>Em seguida, a PM se dirigiu at\u00e9 a casa do homem, onde foram encontrados os ve\u00edculos roubados do PF aposentado e outros objetos subtra\u00eddos da casa da v\u00edtima.<\/p>\n\n\n\n<figure class=\"wp-block-image\"><img decoding=\"async\" src=\"https:\/\/s2.glbimg.com\/8GTPSfcae1HKxC0gd0SaZNy6Uq4=\/0x0:1280x960\/984x0\/smart\/filters:strip_icc()\/i.s3.glbimg.com\/v1\/AUTH_59edd422c0c84a879bd37670ae4f538a\/internal_photos\/bs\/2021\/u\/v\/XPa7LrQVamIOadlZE0Rw\/carro-2.jpg\" alt=\"Carro \u00e9 roubado durante assalto na Zona Norte de Teresina \u2014 Foto: Divulga\u00e7\u00e3o\/PM\"\/><figcaption>Carro \u00e9 roubado durante assalto na Zona Norte de Teresina \u2014 Foto: Divulga\u00e7\u00e3o\/PM<\/figcaption><\/figure>\n\n\n\n<blockquote class=\"wp-block-quote\"><p>\u201cAinda n\u00e3o sabemos se ele participou do assalto ou se trata de um crime de recepta\u00e7\u00e3o. Ele nos informou que ficou respons\u00e1vel por guardar os carros\u201d, disse o delegado Leonardo Alexandre, do 22\u00b0 Distrito Policial, respons\u00e1vel pelo caso.<\/p><\/blockquote>\n\n\n\n<p>De acordo com a pol\u00edcia, tr\u00eas homens participaram do arrast\u00e3o. Al\u00e9m disso, foi roubada uma arma de fogo do policial, por\u00e9m, ela ainda n\u00e3o foi localizada.<\/p>\n\n\n\n<p><strong>Fonte: G1 PI<\/strong><\/p>\n","protected":false},"excerpt":{"rendered":"<p>Um homem, de nome n\u00e3o divulgado, foi preso na manh\u00e3 desta quinta-feira (12) com dois carros e outros objetos roubados durante um arrast\u00e3o na casa de um policial federal aposentado na Zona Norte de Teresina. Segundo a pol\u00edcia, o suspeito serviu temporariamente no Ex\u00e9rcito Brasileiro. O homem foi abordado por policiais militares no bairro Promorar. [&hellip;]<\/p>\n","protected":false},"author":1,"featured_media":25385,"comment_status":"open","ping_status":"open","sticky":false,"template":"","format":"standard","meta":{"beyondwords_generate_audio":"","beyondwords_project_id":"","beyondwords_podcast_id":"","beyondwords_hash":"","beyondwords_error_message":"","beyondwords_disabled":"","publish_post_to_speechkit":"","speechkit_generate_audio":"","speechkit_project_id":"","speechkit_podcast_id":"","speechkit_hash":"","speechkit_error_message":"","speechkit_disabled":"","speechkit_access_key":"","speechkit_error":"","speechkit_info":"","speechkit_response":"","speechkit_retries":"","_speechkit_link":"","_speechkit_text":""},"categories":[51,78,81],"tags":[1181,1086,44,72,5461,84,52,613,79,5900],"jetpack_featured_media_url":"","_links":{"self":[{"href":"https:\/\/pinews.com.br\/index.php\/wp-json\/wp\/v2\/posts\/25384"}],"collection":[{"href":"https:\/\/pinews.com.br\/index.php\/wp-json\/wp\/v2\/posts"}],"about":[{"href":"https:\/\/pinews.com.br\/index.php\/wp-json\/wp\/v2\/types\/post"}],"author":[{"embeddable":true,"href":"https:\/\/pinews.com.br\/index.php\/wp-json\/wp\/v2\/users\/1"}],"replies":[{"embeddable":true,"href":"https:\/\/pinews.com.br\/index.php\/wp-json\/wp\/v2\/comments?post=25384"}],"version-history":[{"count":0,"href":"https:\/\/pinews.com.br\/index.php\/wp-json\/wp\/v2\/posts\/25384\/revisions"}],"wp:featuredmedia":[{"embeddable":true,"href":"https:\/\/pinews.com.br\/index.php\/wp-json\/"}],"wp:attachment":[{"href":"https:\/\/pinews.com.br\/index.php\/wp-json\/wp\/v2\/media?parent=25384"}],"wp:term":[{"taxonomy":"category","embeddable":true,"href":"https:\/\/pinews.com.br\/index.php\/wp-json\/wp\/v2\/categories?post=25384"},{"taxonomy":"post_tag","embeddable":true,"href":"https:\/\/pinews.com.br\/index.php\/wp-json\/wp\/v2\/tags?post=25384"}],"curies":[{"name":"wp","href":"https:\/\/api.w.org\/{rel}","templated":true}]}}