{"id":25513,"date":"2021-08-17T19:19:20","date_gmt":"2021-08-17T22:19:20","guid":{"rendered":"https:\/\/pinews.com.br\/?p=25513"},"modified":"2021-08-17T19:19:20","modified_gmt":"2021-08-17T22:19:20","slug":"homem-viaja-mais-de-400-km-para-renovar-habilitacao-e-encontra-sistema-do-detran-fora-do-ar","status":"publish","type":"post","link":"https:\/\/pinews.com.br\/index.php\/2021\/08\/17\/homem-viaja-mais-de-400-km-para-renovar-habilitacao-e-encontra-sistema-do-detran-fora-do-ar\/","title":{"rendered":"Homem viaja mais de 400 km para renovar habilita\u00e7\u00e3o e encontra sistema do Detran fora do ar"},"content":{"rendered":"\n<p>O motorista Josielton Ribeiro viajou 408 km, dist\u00e2ncia do munic\u00edpio de Canto do Buriti \u00e0 Teresina, para renovar a habilita\u00e7\u00e3o na capital, mas n\u00e3o conseguiu devido ao sistema do Departamento Estadual de Tr\u00e2nsito do Piau\u00ed (Detran) estar fora do ar. H\u00e1 sete dias quem procura o \u00f3rg\u00e3o para realiza\u00e7\u00e3o de alguns servi\u00e7os encontra a mesma situa\u00e7\u00e3o.<\/p>\n\n\n\n<blockquote class=\"wp-block-quote\"><p>&#8220;Eu vim de van, sofrendo de l\u00e1 para c\u00e1. Para vir, gasto com hospedagem e infelizmente vou ter que gastar de novo&#8221;, contou o motorista.<\/p><\/blockquote>\n\n\n\n<p>O problema teve in\u00edcio no dia 10 de agosto, quando parte dos servi\u00e7os ficou indispon\u00edvel. Na segunda-feira (16), todos os servi\u00e7os chegaram a ficar totalmente suspensos e, nesta ter\u00e7a-feira (17), parte do sistema voltou a funcionar.<\/p>\n\n\n\n<p>De acordo com a Ag\u00eancia de Tecnologia da Informa\u00e7\u00e3o do Piau\u00ed (ATI), respons\u00e1vel pelo sistema operacional do departamento, o problema se deu quando um componente do sistema utilizado pelo Detran apresentou problemas e precisou ser desligado.<\/p>\n\n\n\n<p>Segundo o Detran, os servi\u00e7os afetados s\u00e3o os que envolvem ve\u00edculos, como o Registro Nacional de Ve\u00edculos Automotores (Renavam). E os servi\u00e7os de infra\u00e7\u00e3o e habilita\u00e7\u00e3o. Nesta ter\u00e7a (17), o departamento informou ao&nbsp;<strong>G1<\/strong>&nbsp;que&nbsp;os servi\u00e7os referentes \u00e0 habilita\u00e7\u00e3o est\u00e3o funcionando normalmente.<\/p>\n\n\n\n<p>Em julho, o mesmo servidor, que precisou ser desligado agora, j\u00e1 apresentava problemas e o Detran chegou a ficar mais de uma semana com o sistema fora do ar. Essa instabilidade voltou a se repetir e segundo a ATI, n\u00e3o h\u00e1 previs\u00e3o para a normaliza\u00e7\u00e3o.<\/p>\n\n\n\n<p>O Detran, junto \u00e0 ATI, informou que a situa\u00e7\u00e3o s\u00f3 ser\u00e1 normalizada ap\u00f3s a verifica\u00e7\u00e3o da empresa fabricante do equipamento que foi desligado no Detran. Essa empresa \u00e9 de fora do estado e j\u00e1 foi aberto um chamado de servi\u00e7o para o Piau\u00ed.<\/p>\n\n\n\n<figure class=\"wp-block-image\"><img decoding=\"async\" src=\"https:\/\/s2.glbimg.com\/8AodAfkJFDKQFEIXWJktqz5tlss=\/0x94:900x932\/984x0\/smart\/filters:strip_icc()\/i.s3.glbimg.com\/v1\/AUTH_59edd422c0c84a879bd37670ae4f538a\/internal_photos\/bs\/2021\/u\/6\/VucWfSS06smiduqojnGw\/whatsapp-image-2021-08-17-at-16.54.04.jpeg\" alt=\"T\u00e9cnico da empresa j\u00e1 est\u00e1 em Teresina fazendo a avalia\u00e7\u00e3o do equipamento \u2014 Foto: Divulga\u00e7\u00e3o\/ATI\"\/><figcaption>T\u00e9cnico da empresa j\u00e1 est\u00e1 em Teresina fazendo a avalia\u00e7\u00e3o do equipamento \u2014 Foto: Divulga\u00e7\u00e3o\/ATI<\/figcaption><\/figure>\n\n\n\n<p>Na tarde desta ter\u00e7a, a ATI comunicou que um t\u00e9cnico da empresa j\u00e1 est\u00e1 em Teresina fazendo a avalia\u00e7\u00e3o do equipamento e que, com base nisso, ser\u00e1 definido se o problema vai ser resolvido com conserto ou com uma substitui\u00e7\u00e3o. Enquanto isso, o Detran segue com servi\u00e7os fora do ar.<\/p>\n\n\n\n<p><strong>Fonte: G1 PI<\/strong><\/p>\n","protected":false},"excerpt":{"rendered":"<p>O motorista Josielton Ribeiro viajou 408 km, dist\u00e2ncia do munic\u00edpio de Canto do Buriti \u00e0 Teresina, para renovar a habilita\u00e7\u00e3o na capital, mas n\u00e3o conseguiu devido ao sistema do Departamento Estadual de Tr\u00e2nsito do Piau\u00ed (Detran) estar fora do ar. H\u00e1 sete dias quem procura o \u00f3rg\u00e3o para realiza\u00e7\u00e3o de alguns servi\u00e7os encontra a mesma [&hellip;]<\/p>\n","protected":false},"author":1,"featured_media":20530,"comment_status":"open","ping_status":"open","sticky":false,"template":"","format":"standard","meta":{"beyondwords_generate_audio":"","beyondwords_project_id":"","beyondwords_podcast_id":"","beyondwords_hash":"","beyondwords_error_message":"","beyondwords_disabled":"","publish_post_to_speechkit":"","speechkit_generate_audio":"","speechkit_project_id":"","speechkit_podcast_id":"","speechkit_hash":"","speechkit_error_message":"","speechkit_disabled":"","speechkit_access_key":"","speechkit_error":"","speechkit_info":"","speechkit_response":"","speechkit_retries":"","_speechkit_link":"","_speechkit_text":""},"categories":[51,81],"tags":[5696,6245,44,1955,551,5788,5387,84,6346,76,350,7029,1324,8928],"jetpack_featured_media_url":"","_links":{"self":[{"href":"https:\/\/pinews.com.br\/index.php\/wp-json\/wp\/v2\/posts\/25513"}],"collection":[{"href":"https:\/\/pinews.com.br\/index.php\/wp-json\/wp\/v2\/posts"}],"about":[{"href":"https:\/\/pinews.com.br\/index.php\/wp-json\/wp\/v2\/types\/post"}],"author":[{"embeddable":true,"href":"https:\/\/pinews.com.br\/index.php\/wp-json\/wp\/v2\/users\/1"}],"replies":[{"embeddable":true,"href":"https:\/\/pinews.com.br\/index.php\/wp-json\/wp\/v2\/comments?post=25513"}],"version-history":[{"count":0,"href":"https:\/\/pinews.com.br\/index.php\/wp-json\/wp\/v2\/posts\/25513\/revisions"}],"wp:featuredmedia":[{"embeddable":true,"href":"https:\/\/pinews.com.br\/index.php\/wp-json\/"}],"wp:attachment":[{"href":"https:\/\/pinews.com.br\/index.php\/wp-json\/wp\/v2\/media?parent=25513"}],"wp:term":[{"taxonomy":"category","embeddable":true,"href":"https:\/\/pinews.com.br\/index.php\/wp-json\/wp\/v2\/categories?post=25513"},{"taxonomy":"post_tag","embeddable":true,"href":"https:\/\/pinews.com.br\/index.php\/wp-json\/wp\/v2\/tags?post=25513"}],"curies":[{"name":"wp","href":"https:\/\/api.w.org\/{rel}","templated":true}]}}