{"id":25536,"date":"2021-08-18T11:12:56","date_gmt":"2021-08-18T14:12:56","guid":{"rendered":"https:\/\/pinews.com.br\/?p=25536"},"modified":"2021-08-18T11:12:56","modified_gmt":"2021-08-18T14:12:56","slug":"municipio-do-piaui-com-prefeito-cassado-por-ter-radio-pirata-tera-novas-eleicoes","status":"publish","type":"post","link":"https:\/\/pinews.com.br\/index.php\/2021\/08\/18\/municipio-do-piaui-com-prefeito-cassado-por-ter-radio-pirata-tera-novas-eleicoes\/","title":{"rendered":"Munic\u00edpio do Piau\u00ed com prefeito cassado por ter r\u00e1dio pirata ter\u00e1 novas elei\u00e7\u00f5es"},"content":{"rendered":"\n<p>O Tribunal Regional Eleitoral do Piau\u00ed (TRE-PI), marcou para o dia 3 de outubro de 2021, a data da realiza\u00e7\u00e3o das elei\u00e7\u00f5es suplementares para os cargos de prefeito e vice-prefeito do munic\u00edpio de Juazeiro do Piau\u00ed, distante 158 quil\u00f4metros de Teresina.<\/p>\n\n\n\n<p>O Tribunal Superior Eleitoral (TSE) havia indeferido o registro de candidatura de Ant\u00f4nio Jos\u00e9 Oliveira (PT), prefeito eleito nas elei\u00e7\u00f5es municipais de 2020, por ter sido condenado em 2015, por operar uma r\u00e1dio clandestina.<\/p>\n\n\n\n<p>O TSE entendeu que o crime de desenvolver clandestinamente atividades de telecomunica\u00e7\u00f5es \u00e9 capaz de atrair a inelegibilidade por atentar contra a Administra\u00e7\u00e3o P\u00fablica. &nbsp;<\/p>\n\n\n\n<p>A decis\u00e3o da nova data das elei\u00e7\u00f5es suplementares, que antes estava prevista para ser realizada no dia 11 de abril, foi aprovada por unanimidade. A altera\u00e7\u00e3o do calend\u00e1rio ocorreu em conson\u00e2ncia com a manifesta\u00e7\u00e3o do Minist\u00e9rio P\u00fablico Eleitoral (MPE) que levou em considera\u00e7\u00e3o o agravamento da crise sanit\u00e1ria no Brasil e o colapso do sistema de sa\u00fade no Piau\u00ed registrados no m\u00eas de abril.&nbsp;<\/p>\n\n\n\n<p>O TRE informou que a designa\u00e7\u00e3o da nova data de vota\u00e7\u00e3o n\u00e3o enseja a reabertura das etapas j\u00e1 encerradas do calend\u00e1rio eleitoral.<\/p>\n\n\n\n<p><strong>Fonte: Rebeca Lima\/ Cidade Verde<\/strong><\/p>\n","protected":false},"excerpt":{"rendered":"<p>O Tribunal Regional Eleitoral do Piau\u00ed (TRE-PI), marcou para o dia 3 de outubro de 2021, a data da realiza\u00e7\u00e3o das elei\u00e7\u00f5es suplementares para os cargos de prefeito e vice-prefeito do munic\u00edpio de Juazeiro do Piau\u00ed, distante 158 quil\u00f4metros de Teresina. O Tribunal Superior Eleitoral (TSE) havia indeferido o registro de candidatura de Ant\u00f4nio Jos\u00e9 [&hellip;]<\/p>\n","protected":false},"author":1,"featured_media":296,"comment_status":"open","ping_status":"open","sticky":false,"template":"","format":"standard","meta":{"beyondwords_generate_audio":"","beyondwords_project_id":"","beyondwords_podcast_id":"","beyondwords_hash":"","beyondwords_error_message":"","beyondwords_disabled":"","publish_post_to_speechkit":"","speechkit_generate_audio":"","speechkit_project_id":"","speechkit_podcast_id":"","speechkit_hash":"","speechkit_error_message":"","speechkit_disabled":"","speechkit_access_key":"","speechkit_error":"","speechkit_info":"","speechkit_response":"","speechkit_retries":"","_speechkit_link":"","_speechkit_text":""},"categories":[51,1201],"tags":[8931,1222,50,4110,52,8932,59,889,6014,521,5437],"jetpack_featured_media_url":"","_links":{"self":[{"href":"https:\/\/pinews.com.br\/index.php\/wp-json\/wp\/v2\/posts\/25536"}],"collection":[{"href":"https:\/\/pinews.com.br\/index.php\/wp-json\/wp\/v2\/posts"}],"about":[{"href":"https:\/\/pinews.com.br\/index.php\/wp-json\/wp\/v2\/types\/post"}],"author":[{"embeddable":true,"href":"https:\/\/pinews.com.br\/index.php\/wp-json\/wp\/v2\/users\/1"}],"replies":[{"embeddable":true,"href":"https:\/\/pinews.com.br\/index.php\/wp-json\/wp\/v2\/comments?post=25536"}],"version-history":[{"count":0,"href":"https:\/\/pinews.com.br\/index.php\/wp-json\/wp\/v2\/posts\/25536\/revisions"}],"wp:featuredmedia":[{"embeddable":true,"href":"https:\/\/pinews.com.br\/index.php\/wp-json\/"}],"wp:attachment":[{"href":"https:\/\/pinews.com.br\/index.php\/wp-json\/wp\/v2\/media?parent=25536"}],"wp:term":[{"taxonomy":"category","embeddable":true,"href":"https:\/\/pinews.com.br\/index.php\/wp-json\/wp\/v2\/categories?post=25536"},{"taxonomy":"post_tag","embeddable":true,"href":"https:\/\/pinews.com.br\/index.php\/wp-json\/wp\/v2\/tags?post=25536"}],"curies":[{"name":"wp","href":"https:\/\/api.w.org\/{rel}","templated":true}]}}