{"id":25541,"date":"2021-08-18T19:15:09","date_gmt":"2021-08-18T22:15:09","guid":{"rendered":"https:\/\/pinews.com.br\/?p=25541"},"modified":"2021-08-18T19:15:09","modified_gmt":"2021-08-18T22:15:09","slug":"piaui-registra-quase-3-mil-focos-de-incendio-e-brigadas-sao-reforcadas","status":"publish","type":"post","link":"https:\/\/pinews.com.br\/index.php\/2021\/08\/18\/piaui-registra-quase-3-mil-focos-de-incendio-e-brigadas-sao-reforcadas\/","title":{"rendered":"Piau\u00ed registra quase 3 mil focos de inc\u00eandio e brigadas s\u00e3o refor\u00e7adas"},"content":{"rendered":"\n<p>De janeiro a agosto deste ano, o Piau\u00ed registrou 2.960 focos de inc\u00eandio. Somente na Capital, de acordo com o Corpo de Bombeiros, a m\u00e9dia \u00e9 de dez ocorr\u00eancias di\u00e1rias. Com o aumento de queimadas, o treinamento a brigadistas e bombeiros civis em munic\u00edpios no interior do Piau\u00ed foi intensificado para o combate a queimadas. Segundo a secret\u00e1ria de Meio Ambiente do Estado, S\u00e1dia Castro, este ano, a quantidade de brigadas cresceu mais de cinco vezes. <\/p>\n\n\n\n<figure class=\"wp-block-embed-youtube wp-block-embed is-type-video is-provider-youtube wp-embed-aspect-16-9 wp-has-aspect-ratio\"><div class=\"wp-block-embed__wrapper\">\n<iframe loading=\"lazy\" title=\"Queimadas no Piau\u00ed: Agosto registra 10 atendimentos por dia\" width=\"1170\" height=\"658\" src=\"https:\/\/www.youtube.com\/embed\/bRIf9Dz2gWA?feature=oembed\" frameborder=\"0\" allow=\"accelerometer; autoplay; clipboard-write; encrypted-media; gyroscope; picture-in-picture; web-share\" allowfullscreen><\/iframe>\n<\/div><\/figure>\n\n\n\n<p><strong>Fonte: Cidade Verde<\/strong><\/p>\n","protected":false},"excerpt":{"rendered":"<p>De janeiro a agosto deste ano, o Piau\u00ed registrou 2.960 focos de inc\u00eandio. Somente na Capital, de acordo com o Corpo de Bombeiros, a m\u00e9dia \u00e9 de dez ocorr\u00eancias di\u00e1rias. Com o aumento de queimadas, o treinamento a brigadistas e bombeiros civis em munic\u00edpios no interior do Piau\u00ed foi intensificado para o combate a queimadas. [&hellip;]<\/p>\n","protected":false},"author":1,"featured_media":25542,"comment_status":"open","ping_status":"open","sticky":false,"template":"","format":"standard","meta":{"beyondwords_generate_audio":"","beyondwords_project_id":"","beyondwords_podcast_id":"","beyondwords_hash":"","beyondwords_error_message":"","beyondwords_disabled":"","publish_post_to_speechkit":"","speechkit_generate_audio":"","speechkit_project_id":"","speechkit_podcast_id":"","speechkit_hash":"","speechkit_error_message":"","speechkit_disabled":"","speechkit_access_key":"","speechkit_error":"","speechkit_info":"","speechkit_response":"","speechkit_retries":"","_speechkit_link":"","_speechkit_text":""},"categories":[51],"tags":[8934,44,5772,547,109,52,323,8935,5301,362],"jetpack_featured_media_url":"","_links":{"self":[{"href":"https:\/\/pinews.com.br\/index.php\/wp-json\/wp\/v2\/posts\/25541"}],"collection":[{"href":"https:\/\/pinews.com.br\/index.php\/wp-json\/wp\/v2\/posts"}],"about":[{"href":"https:\/\/pinews.com.br\/index.php\/wp-json\/wp\/v2\/types\/post"}],"author":[{"embeddable":true,"href":"https:\/\/pinews.com.br\/index.php\/wp-json\/wp\/v2\/users\/1"}],"replies":[{"embeddable":true,"href":"https:\/\/pinews.com.br\/index.php\/wp-json\/wp\/v2\/comments?post=25541"}],"version-history":[{"count":0,"href":"https:\/\/pinews.com.br\/index.php\/wp-json\/wp\/v2\/posts\/25541\/revisions"}],"wp:featuredmedia":[{"embeddable":true,"href":"https:\/\/pinews.com.br\/index.php\/wp-json\/"}],"wp:attachment":[{"href":"https:\/\/pinews.com.br\/index.php\/wp-json\/wp\/v2\/media?parent=25541"}],"wp:term":[{"taxonomy":"category","embeddable":true,"href":"https:\/\/pinews.com.br\/index.php\/wp-json\/wp\/v2\/categories?post=25541"},{"taxonomy":"post_tag","embeddable":true,"href":"https:\/\/pinews.com.br\/index.php\/wp-json\/wp\/v2\/tags?post=25541"}],"curies":[{"name":"wp","href":"https:\/\/api.w.org\/{rel}","templated":true}]}}