{"id":25565,"date":"2021-08-19T19:14:52","date_gmt":"2021-08-19T22:14:52","guid":{"rendered":"https:\/\/pinews.com.br\/?p=25565"},"modified":"2021-08-19T19:14:52","modified_gmt":"2021-08-19T22:14:52","slug":"mais-de-uma-semana-fora-do-ar-sistema-do-detran-pi-deve-ser-retomado-na-segunda-feira-23","status":"publish","type":"post","link":"https:\/\/pinews.com.br\/index.php\/2021\/08\/19\/mais-de-uma-semana-fora-do-ar-sistema-do-detran-pi-deve-ser-retomado-na-segunda-feira-23\/","title":{"rendered":"Mais de uma semana fora do ar, sistema do Detran-PI deve ser retomado na segunda-feira (23)"},"content":{"rendered":"\n<p>O diretor-geral do Ag\u00eancia de Tecnologia da Informa\u00e7\u00e3o do Piau\u00ed (ATI-PI), Ant\u00f4nio Torres, informou que o sistema do Departamento Estadual de Tr\u00e2nsito do Piau\u00ed (Detran) ser\u00e1 normalizado at\u00e9 segunda-feira (23). O servi\u00e7o para o Registro Nacional de Ve\u00edculos Automotores (Renavam) est\u00e1 indispon\u00edvel aos usu\u00e1rios desde a \u00faltima ter\u00e7a-feira (10), ap\u00f3s o desligamento do servidor Mainframe, que armazena os dados do \u00f3rg\u00e3o.<\/p>\n\n\n\n<p>\u201cEstamos concluindo a an\u00e1lise e o diagn\u00f3stico da empresa. Atr\u00e1s existe uma bateria de disco, sendo que 11 deles sofreram algum tipo de abalo. Ent\u00e3o, teremos que trocar e isso vai demandar algum tempo.&nbsp;Vamos aprovar o or\u00e7amento e, nas pr\u00f3ximas 48 horas, os equipamentos estar\u00e3o dispon\u00edveis para a troca\u201d, afirmou o diretor-geral da ATI, Ant\u00f4nio Torres.<\/p>\n\n\n\n<p>A ATI, \u00f3rg\u00e3o respons\u00e1vel pelo sistema operacional do Detran, informou atrav\u00e9s de nota <strong>(veja abaixo),<\/strong> que o servidor foi desligado ap\u00f3s apresentar um conjunto de m\u00f3dulos com avaria, provocando o funcionamento irregular do equipamento.<\/p>\n\n\n\n<p>Em julho, o mesmo servidor j\u00e1 apresentava problemas e o Detran ficou tamb\u00e9m mais de uma semana com o sistema fora do ar.<\/p>\n\n\n\n<h2>Confira a nota da ATI:<\/h2>\n\n\n\n<p><em>A Ag\u00eancia de Tecnologia da Informa\u00e7\u00e3o do Piau\u00ed- ATI, comunica que em execu\u00e7\u00e3o de manuten\u00e7\u00e3o preventiva realizada periodicamente nos equipamentos desta Ag\u00eancia, identificou-se na noite da \u00faltima ter\u00e7a-feira, 10 de agosto, no Data Center secund\u00e1rio, localizado na Rua 19 de Novembro, um conjunto de m\u00f3dulos com avaria, provocando o funcionamento do equipamento de maneira irregular.<\/em><\/p>\n\n\n\n<p><em>Ao realizar uma an\u00e1lise mais detalhada, a equipe t\u00e9cnica achou por bem desligar o servidor Mainframe de maneira preventiva, considerando que a continuidade do seu uso poderia acarretar avaria maior no equipamento.<\/em><\/p>\n\n\n\n<p><em>A ATI prontamente realizou a abertura de chamado com o fabricante do equipamento em car\u00e1ter de urg\u00eancia, para solu\u00e7\u00e3o e continuidade dos servi\u00e7os que s\u00e3o disponibilizados neste ambiente em alguns sistemas e servi\u00e7os como os do Detran.<\/em><\/p>\n\n\n\n<p><em>Ressaltamos que esta Ag\u00eancia ir\u00e1 disponibilizar boletins peri\u00f3dicos com informa\u00e7\u00f5es atualizadas de tal problem\u00e1tica.<\/em><\/p>\n\n\n\n<p><strong>Fonte: G1 PI<\/strong><\/p>\n","protected":false},"excerpt":{"rendered":"<p>O diretor-geral do Ag\u00eancia de Tecnologia da Informa\u00e7\u00e3o do Piau\u00ed (ATI-PI), Ant\u00f4nio Torres, informou que o sistema do Departamento Estadual de Tr\u00e2nsito do Piau\u00ed (Detran) ser\u00e1 normalizado at\u00e9 segunda-feira (23). O servi\u00e7o para o Registro Nacional de Ve\u00edculos Automotores (Renavam) est\u00e1 indispon\u00edvel aos usu\u00e1rios desde a \u00faltima ter\u00e7a-feira (10), ap\u00f3s o desligamento do servidor Mainframe, [&hellip;]<\/p>\n","protected":false},"author":1,"featured_media":20530,"comment_status":"open","ping_status":"open","sticky":false,"template":"","format":"standard","meta":{"beyondwords_generate_audio":"","beyondwords_project_id":"","beyondwords_podcast_id":"","beyondwords_hash":"","beyondwords_error_message":"","beyondwords_disabled":"","publish_post_to_speechkit":"","speechkit_generate_audio":"","speechkit_project_id":"","speechkit_podcast_id":"","speechkit_hash":"","speechkit_error_message":"","speechkit_disabled":"","speechkit_access_key":"","speechkit_error":"","speechkit_info":"","speechkit_response":"","speechkit_retries":"","_speechkit_link":"","_speechkit_text":""},"categories":[51],"tags":[262,6245,44,5702,514,5788,76,91,8941,7623,5863,139,1324,557],"jetpack_featured_media_url":"","_links":{"self":[{"href":"https:\/\/pinews.com.br\/index.php\/wp-json\/wp\/v2\/posts\/25565"}],"collection":[{"href":"https:\/\/pinews.com.br\/index.php\/wp-json\/wp\/v2\/posts"}],"about":[{"href":"https:\/\/pinews.com.br\/index.php\/wp-json\/wp\/v2\/types\/post"}],"author":[{"embeddable":true,"href":"https:\/\/pinews.com.br\/index.php\/wp-json\/wp\/v2\/users\/1"}],"replies":[{"embeddable":true,"href":"https:\/\/pinews.com.br\/index.php\/wp-json\/wp\/v2\/comments?post=25565"}],"version-history":[{"count":0,"href":"https:\/\/pinews.com.br\/index.php\/wp-json\/wp\/v2\/posts\/25565\/revisions"}],"wp:featuredmedia":[{"embeddable":true,"href":"https:\/\/pinews.com.br\/index.php\/wp-json\/"}],"wp:attachment":[{"href":"https:\/\/pinews.com.br\/index.php\/wp-json\/wp\/v2\/media?parent=25565"}],"wp:term":[{"taxonomy":"category","embeddable":true,"href":"https:\/\/pinews.com.br\/index.php\/wp-json\/wp\/v2\/categories?post=25565"},{"taxonomy":"post_tag","embeddable":true,"href":"https:\/\/pinews.com.br\/index.php\/wp-json\/wp\/v2\/tags?post=25565"}],"curies":[{"name":"wp","href":"https:\/\/api.w.org\/{rel}","templated":true}]}}