{"id":25625,"date":"2021-08-21T10:19:29","date_gmt":"2021-08-21T13:19:29","guid":{"rendered":"https:\/\/pinews.com.br\/?p=25625"},"modified":"2021-08-21T10:19:29","modified_gmt":"2021-08-21T13:19:29","slug":"ultraleve-cai-no-interior-do-piaui-e-duas-pessoas-sobrevivem-ao-acidente","status":"publish","type":"post","link":"https:\/\/pinews.com.br\/index.php\/2021\/08\/21\/ultraleve-cai-no-interior-do-piaui-e-duas-pessoas-sobrevivem-ao-acidente\/","title":{"rendered":"Ultraleve cai no interior do Piau\u00ed e duas pessoas sobrevivem ao acidente"},"content":{"rendered":"\n<p>Um ultraleve caiu na tarde desta sexta-feira (20) no munic\u00edpio de S\u00e3o Pedro do Piau\u00ed( a 107 km de Teresina).<\/p>\n\n\n\n<p>A secret\u00e1ria de Sa\u00fade do munic\u00edpio, Ana Lourdes de Aquino, confirmou a informa\u00e7\u00e3o da queda do ultraleve no povoado Cai\u00e7ara, que fica a 6km da cidade de S\u00e3o Pedro.<\/p>\n\n\n\n<p>Segundo a secret\u00e1ria, duas pessoas estavam no ultraleve e sobrevirem ao acidente que aconteceu por volta das 17h.<\/p>\n\n\n\n<p>\u201cEles foram socorridos pelos moradores e n\u00e3o precisou acionar o Samu do munic\u00edpio, pois estavam com ferimentos leves\u201d, informou a secret\u00e1ria.<\/p>\n\n\n\n<p>O local onde a aeronave caiu moram cerca de 10 fam\u00edlias e fica entre S\u00e3o Pedro e o munic\u00edpio de S\u00e3o Gon\u00e7alo.<\/p>\n\n\n\n<p>\u201cL\u00e1 as pessoas vivem da ro\u00e7a e o terreno \u00e9 plano, aberto\u201d, disse a secret\u00e1ria.&nbsp;<\/p>\n\n\n\n<p>Um v\u00eddeo mostra o ultraleve destru\u00eddo e na grava\u00e7\u00e3o um rapaz relata que o piloto perdeu o controle da aeronave, mas que ele estava bem, apenas com escoria\u00e7\u00f5es.<\/p>\n\n\n\n<p><strong>Link do v\u00eddeo:<\/strong><\/p>\n\n\n\n<p><a href=\"https:\/\/www.instagram.com\/reel\/CS0CBX4gINR\/?utm_source=ig_web_copy_link\">https:\/\/www.instagram.com\/reel\/CS0CBX4gINR\/?utm_source=ig_web_copy_link<\/a><\/p>\n\n\n\n<p><strong>Fonte: Flash Yala Sena\/ Cidade Verde<\/strong><\/p>\n","protected":false},"excerpt":{"rendered":"<p>Um ultraleve caiu na tarde desta sexta-feira (20) no munic\u00edpio de S\u00e3o Pedro do Piau\u00ed( a 107 km de Teresina). A secret\u00e1ria de Sa\u00fade do munic\u00edpio, Ana Lourdes de Aquino, confirmou a informa\u00e7\u00e3o da queda do ultraleve no povoado Cai\u00e7ara, que fica a 6km da cidade de S\u00e3o Pedro. Segundo a secret\u00e1ria, duas pessoas estavam [&hellip;]<\/p>\n","protected":false},"author":1,"featured_media":25626,"comment_status":"open","ping_status":"open","sticky":false,"template":"","format":"standard","meta":{"beyondwords_generate_audio":"","beyondwords_project_id":"","beyondwords_podcast_id":"","beyondwords_hash":"","beyondwords_error_message":"","beyondwords_disabled":"","publish_post_to_speechkit":"","speechkit_generate_audio":"","speechkit_project_id":"","speechkit_podcast_id":"","speechkit_hash":"","speechkit_error_message":"","speechkit_disabled":"","speechkit_access_key":"","speechkit_error":"","speechkit_info":"","speechkit_response":"","speechkit_retries":"","_speechkit_link":"","_speechkit_text":""},"categories":[51],"tags":[176,132,738,260,716,259,52,7079,8949],"jetpack_featured_media_url":"","_links":{"self":[{"href":"https:\/\/pinews.com.br\/index.php\/wp-json\/wp\/v2\/posts\/25625"}],"collection":[{"href":"https:\/\/pinews.com.br\/index.php\/wp-json\/wp\/v2\/posts"}],"about":[{"href":"https:\/\/pinews.com.br\/index.php\/wp-json\/wp\/v2\/types\/post"}],"author":[{"embeddable":true,"href":"https:\/\/pinews.com.br\/index.php\/wp-json\/wp\/v2\/users\/1"}],"replies":[{"embeddable":true,"href":"https:\/\/pinews.com.br\/index.php\/wp-json\/wp\/v2\/comments?post=25625"}],"version-history":[{"count":0,"href":"https:\/\/pinews.com.br\/index.php\/wp-json\/wp\/v2\/posts\/25625\/revisions"}],"wp:featuredmedia":[{"embeddable":true,"href":"https:\/\/pinews.com.br\/index.php\/wp-json\/"}],"wp:attachment":[{"href":"https:\/\/pinews.com.br\/index.php\/wp-json\/wp\/v2\/media?parent=25625"}],"wp:term":[{"taxonomy":"category","embeddable":true,"href":"https:\/\/pinews.com.br\/index.php\/wp-json\/wp\/v2\/categories?post=25625"},{"taxonomy":"post_tag","embeddable":true,"href":"https:\/\/pinews.com.br\/index.php\/wp-json\/wp\/v2\/tags?post=25625"}],"curies":[{"name":"wp","href":"https:\/\/api.w.org\/{rel}","templated":true}]}}