{"id":25648,"date":"2021-08-21T19:44:18","date_gmt":"2021-08-21T22:44:18","guid":{"rendered":"https:\/\/pinews.com.br\/?p=25648"},"modified":"2021-08-21T19:44:18","modified_gmt":"2021-08-21T22:44:18","slug":"homem-e-preso-com-indice-de-embriaguez-18-vezes-maior-ao-permitido-em-picos","status":"publish","type":"post","link":"https:\/\/pinews.com.br\/index.php\/2021\/08\/21\/homem-e-preso-com-indice-de-embriaguez-18-vezes-maior-ao-permitido-em-picos\/","title":{"rendered":"Homem \u00e9 preso com \u00edndice de embriaguez 18 vezes maior ao permitido em Picos"},"content":{"rendered":"\n<p>A Pol\u00edcia Rodovi\u00e1ria Federal (PRF) prendeu um homem de 27 anos, que n\u00e3o teve a identidade revelada, na madrugada desse s\u00e1bado (21) por conduzir ve\u00edculo com o \u00edndice de embriaguez 18 vezes maior que o permitido. A pris\u00e3o aconteceu ap\u00f3s uma abordagem na BR-316, no munic\u00edpio de Picos.&nbsp;<\/p>\n\n\n\n<p>Segundo informa\u00e7\u00f5es da PRF, os policiais realizavam fiscaliza\u00e7\u00e3o de rotina quando flagraram o homem conduzindo uma motocicleta modelo Honda CG 150 Titan sem fazer o uso do capacete de seguran\u00e7a. Durante a abordagem, os policiais verificaram que o condutor apresentava sinais de ingest\u00e3o de bebida alco\u00f3lica.<\/p>\n\n\n\n<p>Ainda de acordo com os policiais, ao realizar o teste de alcoolemia foi constatado o \u00edndice de 0,72 miligramas de \u00e1lcool por litro de ar expelido pelos pulm\u00f5es, um \u00edndice mais de 18 vezes maior ao permitido para se conduzir um ve\u00edculo automotor.&nbsp;&nbsp;<\/p>\n\n\n\n<p>Diante dos fatos, o motorista foi conduzido \u00e0 Pol\u00edcia Civil do munic\u00edpio de Picos e deve responder pelo crime de conduzir ve\u00edculo com capacidade psicomotora alterada em raz\u00e3o da influ\u00eancia de \u00e1lcool.<\/p>\n\n\n\n<p><strong>Fonte: Rebeca Lima\/ Cidade Verde<\/strong><\/p>\n","protected":false},"excerpt":{"rendered":"<p>A Pol\u00edcia Rodovi\u00e1ria Federal (PRF) prendeu um homem de 27 anos, que n\u00e3o teve a identidade revelada, na madrugada desse s\u00e1bado (21) por conduzir ve\u00edculo com o \u00edndice de embriaguez 18 vezes maior que o permitido. A pris\u00e3o aconteceu ap\u00f3s uma abordagem na BR-316, no munic\u00edpio de Picos.&nbsp; Segundo informa\u00e7\u00f5es da PRF, os policiais realizavam [&hellip;]<\/p>\n","protected":false},"author":1,"featured_media":25649,"comment_status":"open","ping_status":"open","sticky":false,"template":"","format":"standard","meta":{"beyondwords_generate_audio":"","beyondwords_project_id":"","beyondwords_podcast_id":"","beyondwords_hash":"","beyondwords_error_message":"","beyondwords_disabled":"","publish_post_to_speechkit":"","speechkit_generate_audio":"","speechkit_project_id":"","speechkit_podcast_id":"","speechkit_hash":"","speechkit_error_message":"","speechkit_disabled":"","speechkit_access_key":"","speechkit_error":"","speechkit_info":"","speechkit_response":"","speechkit_retries":"","_speechkit_link":"","_speechkit_text":""},"categories":[51,126,78],"tags":[981,132,44,72,46,7406,84,7407,1152,7408,125,79,5494],"jetpack_featured_media_url":"","_links":{"self":[{"href":"https:\/\/pinews.com.br\/index.php\/wp-json\/wp\/v2\/posts\/25648"}],"collection":[{"href":"https:\/\/pinews.com.br\/index.php\/wp-json\/wp\/v2\/posts"}],"about":[{"href":"https:\/\/pinews.com.br\/index.php\/wp-json\/wp\/v2\/types\/post"}],"author":[{"embeddable":true,"href":"https:\/\/pinews.com.br\/index.php\/wp-json\/wp\/v2\/users\/1"}],"replies":[{"embeddable":true,"href":"https:\/\/pinews.com.br\/index.php\/wp-json\/wp\/v2\/comments?post=25648"}],"version-history":[{"count":0,"href":"https:\/\/pinews.com.br\/index.php\/wp-json\/wp\/v2\/posts\/25648\/revisions"}],"wp:featuredmedia":[{"embeddable":true,"href":"https:\/\/pinews.com.br\/index.php\/wp-json\/"}],"wp:attachment":[{"href":"https:\/\/pinews.com.br\/index.php\/wp-json\/wp\/v2\/media?parent=25648"}],"wp:term":[{"taxonomy":"category","embeddable":true,"href":"https:\/\/pinews.com.br\/index.php\/wp-json\/wp\/v2\/categories?post=25648"},{"taxonomy":"post_tag","embeddable":true,"href":"https:\/\/pinews.com.br\/index.php\/wp-json\/wp\/v2\/tags?post=25648"}],"curies":[{"name":"wp","href":"https:\/\/api.w.org\/{rel}","templated":true}]}}