{"id":25729,"date":"2021-08-23T11:19:08","date_gmt":"2021-08-23T14:19:08","guid":{"rendered":"https:\/\/pinews.com.br\/?p=25729"},"modified":"2021-08-23T11:19:08","modified_gmt":"2021-08-23T14:19:08","slug":"morador-de-rua-e-encontrado-morto-dentro-de-rede-sob-viaduto-no-piaui","status":"publish","type":"post","link":"https:\/\/pinews.com.br\/index.php\/2021\/08\/23\/morador-de-rua-e-encontrado-morto-dentro-de-rede-sob-viaduto-no-piaui\/","title":{"rendered":"Morador de rua \u00e9 encontrado morto dentro de rede sob viaduto no Piau\u00ed"},"content":{"rendered":"\n<p>Um homem identificado como Alan Kardec Almeida Lima, 40 anos, foi achado morto com duas marcas de tiros na manh\u00e3 desta segunda-feira (23), sob um viaduto em constru\u00e7\u00e3o na Zona Sul de Teresina.<\/p>\n\n\n\n<p>Alan Kardec foi encontrado morto dentro da rede em que dormia diariamente, entre as vigas que sustentam o viaduto sobre a Avenida Bar\u00e3o de Gurgueia, ainda em constru\u00e7\u00e3o. Ele estava em situa\u00e7\u00e3o de rua e atuava como guardador de carros.<\/p>\n\n\n\n<p>De acordo com a pol\u00edcia, o homem estava com uma marca de tiro na testa e outra no t\u00f3rax.<\/p>\n\n\n\n<p>Pessoas em situa\u00e7\u00e3o de rua que vivem na regi\u00e3o contaram \u00e0 TV Clube que ouviram tiros disparados durante a noite de domingo (23), por volta das 19h. At\u00e9 o momento, nenhum suspeito foi identificado.<\/p>\n\n\n\n<p>Segundo informa\u00e7\u00f5es da fam\u00edlia \u00e0 pol\u00edcia, o homem era usu\u00e1rio de drogas, e j\u00e1 foi preso por roubo. O Departamento de Homic\u00eddios e Prote\u00e7\u00e3o \u00e0 Pessoa (DHPP) investiga o caso.<\/p>\n\n\n\n<p><strong>Fonte: G1 PI<\/strong><\/p>\n","protected":false},"excerpt":{"rendered":"<p>Um homem identificado como Alan Kardec Almeida Lima, 40 anos, foi achado morto com duas marcas de tiros na manh\u00e3 desta segunda-feira (23), sob um viaduto em constru\u00e7\u00e3o na Zona Sul de Teresina. Alan Kardec foi encontrado morto dentro da rede em que dormia diariamente, entre as vigas que sustentam o viaduto sobre a Avenida [&hellip;]<\/p>\n","protected":false},"author":1,"featured_media":25730,"comment_status":"open","ping_status":"open","sticky":false,"template":"","format":"standard","meta":{"beyondwords_generate_audio":"","beyondwords_project_id":"","beyondwords_podcast_id":"","beyondwords_hash":"","beyondwords_error_message":"","beyondwords_disabled":"","publish_post_to_speechkit":"","speechkit_generate_audio":"","speechkit_project_id":"","speechkit_podcast_id":"","speechkit_hash":"","speechkit_error_message":"","speechkit_disabled":"","speechkit_access_key":"","speechkit_error":"","speechkit_info":"","speechkit_response":"","speechkit_retries":"","_speechkit_link":"","_speechkit_text":""},"categories":[51,78,81],"tags":[44,192,72,200,578,197,52,985,846,7183,1897],"jetpack_featured_media_url":"","_links":{"self":[{"href":"https:\/\/pinews.com.br\/index.php\/wp-json\/wp\/v2\/posts\/25729"}],"collection":[{"href":"https:\/\/pinews.com.br\/index.php\/wp-json\/wp\/v2\/posts"}],"about":[{"href":"https:\/\/pinews.com.br\/index.php\/wp-json\/wp\/v2\/types\/post"}],"author":[{"embeddable":true,"href":"https:\/\/pinews.com.br\/index.php\/wp-json\/wp\/v2\/users\/1"}],"replies":[{"embeddable":true,"href":"https:\/\/pinews.com.br\/index.php\/wp-json\/wp\/v2\/comments?post=25729"}],"version-history":[{"count":0,"href":"https:\/\/pinews.com.br\/index.php\/wp-json\/wp\/v2\/posts\/25729\/revisions"}],"wp:featuredmedia":[{"embeddable":true,"href":"https:\/\/pinews.com.br\/index.php\/wp-json\/"}],"wp:attachment":[{"href":"https:\/\/pinews.com.br\/index.php\/wp-json\/wp\/v2\/media?parent=25729"}],"wp:term":[{"taxonomy":"category","embeddable":true,"href":"https:\/\/pinews.com.br\/index.php\/wp-json\/wp\/v2\/categories?post=25729"},{"taxonomy":"post_tag","embeddable":true,"href":"https:\/\/pinews.com.br\/index.php\/wp-json\/wp\/v2\/tags?post=25729"}],"curies":[{"name":"wp","href":"https:\/\/api.w.org\/{rel}","templated":true}]}}