{"id":25787,"date":"2021-08-25T19:33:53","date_gmt":"2021-08-25T22:33:53","guid":{"rendered":"https:\/\/pinews.com.br\/?p=25787"},"modified":"2021-08-25T19:33:53","modified_gmt":"2021-08-25T22:33:53","slug":"ufpi-retoma-aulas-praticas-em-11-cursos-em-teresina-e-interior","status":"publish","type":"post","link":"https:\/\/pinews.com.br\/index.php\/2021\/08\/25\/ufpi-retoma-aulas-praticas-em-11-cursos-em-teresina-e-interior\/","title":{"rendered":"UFPI retoma aulas pr\u00e1ticas em 11 cursos em Teresina e interior"},"content":{"rendered":"\n<p>A Universidade Federal do Piau\u00ed (UFPI) vai retomar aulas pr\u00e1ticas em disciplinas de 11 cursos de gradua\u00e7\u00e3o presencial nos Campi de Floriano, Picos e Teresina, ao longo do semestre 2021.1, que inicia atividades nesta quarta, 25 de agosto.<\/p>\n\n\n\n<p>Algumas disciplinas, essencialmente pr\u00e1ticas, j\u00e1 voltam \u00e0s aulas de forma imediata, como na Educa\u00e7\u00e3o F\u00edsica e Odontologia, em Teresina. Mas, na maioria dos cursos, o retorno ocorre de forma h\u00edbrida: com aulas iniciais remotas, que avan\u00e7am para aulas pr\u00e1ticas no decorrer do semestre.<\/p>\n\n\n\n<p>No total, retomam aulas pr\u00e1ticas os cursos de Odontologia, Educa\u00e7\u00e3o F\u00edsica, Enfermagem, Nutri\u00e7\u00e3o, Medicina e Farm\u00e1cia, do Centro de Ci\u00eancias da Sa\u00fade (CCS); Arqueologia e Estat\u00edstica, do Centro de Ci\u00eancias da Natureza ( CCN); Engenharia El\u00e9trica, no Centro de Tecnologia (CT) e os cursos de Enfermagem, nos campi de Floriano e Picos.<\/p>\n\n\n\n<p>O retorno acontece ap\u00f3s aprova\u00e7\u00e3o dos protocolos de biosseguran\u00e7a dos cursos apresentados ao Comit\u00ea Gestor de Crise, presidido pelo Vice-reitor Viriato Campelo. O an\u00fancio oficial foi feito durante reuni\u00e3o do Conselho Universit\u00e1rio (CONSUN) na ter\u00e7a-feira, dia 24 de agosto.<\/p>\n\n\n\n<p>Para o Reitor Gild\u00e1sio Guedes, a retomada das aulas pr\u00e1ticas foi um caminho constru\u00eddo com di\u00e1logo e priorizando os cuidados com a comunidade. \u201cO retorno presencial gradual \u00e9 resultado de ampla negocia\u00e7\u00e3o com a comunidade acad\u00eamica interessada e o CGC e investimentos feitos pela UFPI para propiciar aos alunos aulas pr\u00e1ticas com biosseguran\u00e7a\u201d, disse o Reitor Gild\u00e1sio Guedes.<\/p>\n\n\n\n<p>O presidente do CGC, Viriato Campelo, frisou que o retorno das atividades presenciais observa o avan\u00e7o da vacina\u00e7\u00e3o, o cen\u00e1rio pand\u00eamico e as a\u00e7\u00f5es da UFPI no enfrentamento \u00e0 pandemia. \u201cTemos uma resolu\u00e7\u00e3o que permite atividades preferencialmente remotas, com possibilidade de aulas em outros formatos. Por isso, vamos iniciar pelas atividades on-line para disciplinas com componentes te\u00f3ricos. A orienta\u00e7\u00e3o \u00e9 o retorno presencial imediato apenas para as disciplinas que n\u00e3o podem ser realizadas em outro formato.\u201d, orientou.<\/p>\n\n\n\n<p><strong>Retorno das Cl\u00ednicas da Odontologia&nbsp;<\/strong>\u2013 As equipes das cl\u00ednicas se preparam para a retomada progressiva dos atendimentos ao p\u00fablico a partir da pr\u00f3xima semana. As obras de reforma e adapta\u00e7\u00e3o dos espa\u00e7os est\u00e3o sendo finalizadas pela Prefeitura Universit\u00e1ria. Segundo a coordena\u00e7\u00e3o do curso, os atendimentos devem voltar com 50% da capacidade, para evitar aglomera\u00e7\u00f5es.<\/p>\n\n\n\n<p><strong>Protocolos &#8211;<\/strong>&nbsp;Dentre os protocolos de seguran\u00e7a para o retorno das atividades presenciais est\u00e3o a ado\u00e7\u00e3o de turmas reduzidas, cumprimento dos protocolos sanit\u00e1rios para pessoas e limpeza de ambientes, monitoramento das condi\u00e7\u00f5es de sa\u00fade de estudantes, docentes, servidores t\u00e9cnicos e colaboradores terceirizados envolvidos na volta \u00e0s atividades.<\/p>\n\n\n\n<p><strong>Pessoal de apoio &#8211;<\/strong>&nbsp;Neste primeiro momento, retornam ao trabalho presencial colaboradores terceirizados que atuam em espa\u00e7os de atividades pr\u00e1ticas. Diretores de centro e de campi devem comunicar \u00e0 Diretoria Administrativa (DA) da Pr\u00f3-Reitoria de Administra\u00e7\u00e3o (PRAD) sobre a necessidade de retorno efetivo de funcion\u00e1rios terceirizados, para que as empresas sejam notificadas. A Universidade trabalha tamb\u00e9m nas normativas para o retorno presencial de servidores t\u00e9cnicos lotados nessas atividades.<\/p>\n\n\n\n<p><strong>Adapta\u00e7\u00f5es e reformas de espa\u00e7os&nbsp;<\/strong>\u2013 Desde dezembro de 2020, a Prefeitura Universit\u00e1ria realiza trabalho de instala\u00e7\u00e3o de pias, t\u00f3tens com \u00e1lcool em gel e tapetes sanitizantes em \u00e1reas de livre circula\u00e7\u00e3o. Est\u00e3o sendo conclu\u00eddas tamb\u00e9m as obras de reforma das Cl\u00ednicas da Odontologia, com instala\u00e7\u00e3o de exautores, constru\u00e7\u00e3o de vesti\u00e1rios e de mais acessos para o p\u00fablico, al\u00e9m de instala\u00e7\u00e3o de divis\u00f3rias entre as cabines de atendimento para refor\u00e7ar os cuidados com distanciamento social.<\/p>\n\n\n\n<p><strong>EPIs <\/strong>&#8211; A entrega de EPIs ser\u00e1 realizada pelas coordena\u00e7\u00f5es dos cursos. Para solicitar os equipamentos, as coordena\u00e7\u00f5es devem enviar pedido via memorando para a vice-reitoria com c\u00f3pia para a Diretoria Administrativa e retirar os materiais no Almoxarifado da PRAD.<\/p>\n\n\n\n<p><strong>Fonte: Cidade Verde<\/strong><\/p>\n","protected":false},"excerpt":{"rendered":"<p>A Universidade Federal do Piau\u00ed (UFPI) vai retomar aulas pr\u00e1ticas em disciplinas de 11 cursos de gradua\u00e7\u00e3o presencial nos Campi de Floriano, Picos e Teresina, ao longo do semestre 2021.1, que inicia atividades nesta quarta, 25 de agosto. Algumas disciplinas, essencialmente pr\u00e1ticas, j\u00e1 voltam \u00e0s aulas de forma imediata, como na Educa\u00e7\u00e3o F\u00edsica e Odontologia, [&hellip;]<\/p>\n","protected":false},"author":1,"featured_media":25788,"comment_status":"open","ping_status":"open","sticky":false,"template":"","format":"standard","meta":{"beyondwords_generate_audio":"","beyondwords_project_id":"","beyondwords_podcast_id":"","beyondwords_hash":"","beyondwords_error_message":"","beyondwords_disabled":"","publish_post_to_speechkit":"","speechkit_generate_audio":"","speechkit_project_id":"","speechkit_podcast_id":"","speechkit_hash":"","speechkit_error_message":"","speechkit_disabled":"","speechkit_access_key":"","speechkit_error":"","speechkit_info":"","speechkit_response":"","speechkit_retries":"","_speechkit_link":"","_speechkit_text":""},"categories":[394,51],"tags":[3631,5525,2146,46,716,7087,6005,187,131],"jetpack_featured_media_url":"","_links":{"self":[{"href":"https:\/\/pinews.com.br\/index.php\/wp-json\/wp\/v2\/posts\/25787"}],"collection":[{"href":"https:\/\/pinews.com.br\/index.php\/wp-json\/wp\/v2\/posts"}],"about":[{"href":"https:\/\/pinews.com.br\/index.php\/wp-json\/wp\/v2\/types\/post"}],"author":[{"embeddable":true,"href":"https:\/\/pinews.com.br\/index.php\/wp-json\/wp\/v2\/users\/1"}],"replies":[{"embeddable":true,"href":"https:\/\/pinews.com.br\/index.php\/wp-json\/wp\/v2\/comments?post=25787"}],"version-history":[{"count":0,"href":"https:\/\/pinews.com.br\/index.php\/wp-json\/wp\/v2\/posts\/25787\/revisions"}],"wp:featuredmedia":[{"embeddable":true,"href":"https:\/\/pinews.com.br\/index.php\/wp-json\/"}],"wp:attachment":[{"href":"https:\/\/pinews.com.br\/index.php\/wp-json\/wp\/v2\/media?parent=25787"}],"wp:term":[{"taxonomy":"category","embeddable":true,"href":"https:\/\/pinews.com.br\/index.php\/wp-json\/wp\/v2\/categories?post=25787"},{"taxonomy":"post_tag","embeddable":true,"href":"https:\/\/pinews.com.br\/index.php\/wp-json\/wp\/v2\/tags?post=25787"}],"curies":[{"name":"wp","href":"https:\/\/api.w.org\/{rel}","templated":true}]}}