{"id":25794,"date":"2021-08-25T20:47:25","date_gmt":"2021-08-25T23:47:25","guid":{"rendered":"https:\/\/pinews.com.br\/?p=25794"},"modified":"2021-08-25T20:47:25","modified_gmt":"2021-08-25T23:47:25","slug":"apos-15-dias-fora-do-ar-sistema-do-detran-volta-a-funcionar-normalmente","status":"publish","type":"post","link":"https:\/\/pinews.com.br\/index.php\/2021\/08\/25\/apos-15-dias-fora-do-ar-sistema-do-detran-volta-a-funcionar-normalmente\/","title":{"rendered":"Ap\u00f3s 15 dias fora do ar, sistema do Detran volta a funcionar normalmente"},"content":{"rendered":"\n<p>Depois de 15 dias fora do ar, a Ag\u00eancia de Tecnologia da Informa\u00e7\u00e3o do Estado (ATI) informou ao Cidadeverde.com que todos os servi\u00e7os do Departamento Estadual de Tr\u00e2nsito do Piau\u00ed (Detran) j\u00e1 voltaram a funcionar normalmente nesta quarta-feira (25). &nbsp;<\/p>\n\n\n\n<p>Os sistemas Renavan (ve\u00edculos) e Renainf (infra\u00e7\u00f5es) estavam suspensos aos usu\u00e1rios ap\u00f3s a Ag\u00eancia identificar uma avaria no servidor que armazena os dados do \u00f3rg\u00e3o. Ap\u00f3s a solu\u00e7\u00e3o desse problema pela empresa respons\u00e1vel do equipamento, a ATI atualizou a base de dados do sistema e os servi\u00e7os passaram a funcionar novamente.&nbsp;<\/p>\n\n\n\n<p>&#8220;O equipamento est\u00e1 ativo e todos os dados est\u00e3o atualizados&#8221;, explicou o diretor da Ag\u00eancia de Tecnologia da Informa\u00e7\u00e3o do Estado, Ant\u00f4nio Torres.&nbsp;<\/p>\n\n\n\n<p>Os servi\u00e7os relacionados a cart\u00f3rio, vistoria e do sistema Renach (habilita\u00e7\u00e3o) tamb\u00e9m est\u00e3o funcionando. Os usu\u00e1rios que desejam utilizar algum servi\u00e7o, devem realizar o agendamento do atendimento atrav\u00e9s do site do Detran.<\/p>\n\n\n\n<p><strong>Fonte: Rebeca Lima\/ Cidade Verde<\/strong><\/p>\n","protected":false},"excerpt":{"rendered":"<p>Depois de 15 dias fora do ar, a Ag\u00eancia de Tecnologia da Informa\u00e7\u00e3o do Estado (ATI) informou ao Cidadeverde.com que todos os servi\u00e7os do Departamento Estadual de Tr\u00e2nsito do Piau\u00ed (Detran) j\u00e1 voltaram a funcionar normalmente nesta quarta-feira (25). &nbsp; Os sistemas Renavan (ve\u00edculos) e Renainf (infra\u00e7\u00f5es) estavam suspensos aos usu\u00e1rios ap\u00f3s a Ag\u00eancia identificar [&hellip;]<\/p>\n","protected":false},"author":1,"featured_media":20530,"comment_status":"open","ping_status":"open","sticky":false,"template":"","format":"standard","meta":{"beyondwords_generate_audio":"","beyondwords_project_id":"","beyondwords_podcast_id":"","beyondwords_hash":"","beyondwords_error_message":"","beyondwords_disabled":"","publish_post_to_speechkit":"","speechkit_generate_audio":"","speechkit_project_id":"","speechkit_podcast_id":"","speechkit_hash":"","speechkit_error_message":"","speechkit_disabled":"","speechkit_access_key":"","speechkit_error":"","speechkit_info":"","speechkit_response":"","speechkit_retries":"","_speechkit_link":"","_speechkit_text":""},"categories":[51],"tags":[180,70,6245,1955,787,5788,593,6323,1324,3342],"jetpack_featured_media_url":"","_links":{"self":[{"href":"https:\/\/pinews.com.br\/index.php\/wp-json\/wp\/v2\/posts\/25794"}],"collection":[{"href":"https:\/\/pinews.com.br\/index.php\/wp-json\/wp\/v2\/posts"}],"about":[{"href":"https:\/\/pinews.com.br\/index.php\/wp-json\/wp\/v2\/types\/post"}],"author":[{"embeddable":true,"href":"https:\/\/pinews.com.br\/index.php\/wp-json\/wp\/v2\/users\/1"}],"replies":[{"embeddable":true,"href":"https:\/\/pinews.com.br\/index.php\/wp-json\/wp\/v2\/comments?post=25794"}],"version-history":[{"count":0,"href":"https:\/\/pinews.com.br\/index.php\/wp-json\/wp\/v2\/posts\/25794\/revisions"}],"wp:featuredmedia":[{"embeddable":true,"href":"https:\/\/pinews.com.br\/index.php\/wp-json\/"}],"wp:attachment":[{"href":"https:\/\/pinews.com.br\/index.php\/wp-json\/wp\/v2\/media?parent=25794"}],"wp:term":[{"taxonomy":"category","embeddable":true,"href":"https:\/\/pinews.com.br\/index.php\/wp-json\/wp\/v2\/categories?post=25794"},{"taxonomy":"post_tag","embeddable":true,"href":"https:\/\/pinews.com.br\/index.php\/wp-json\/wp\/v2\/tags?post=25794"}],"curies":[{"name":"wp","href":"https:\/\/api.w.org\/{rel}","templated":true}]}}