{"id":25796,"date":"2021-08-25T20:51:40","date_gmt":"2021-08-25T23:51:40","guid":{"rendered":"https:\/\/pinews.com.br\/?p=25796"},"modified":"2021-08-25T20:51:40","modified_gmt":"2021-08-25T23:51:40","slug":"governo-do-piaui-suspende-prazos-de-validade-de-concursos-publicos","status":"publish","type":"post","link":"https:\/\/pinews.com.br\/index.php\/2021\/08\/25\/governo-do-piaui-suspende-prazos-de-validade-de-concursos-publicos\/","title":{"rendered":"Governo do Piau\u00ed suspende prazos de validade de concursos p\u00fablicos"},"content":{"rendered":"\n<p>O Governo do Piau\u00ed suspendeu os prazos de validade dos editais de concursos p\u00fablicos. A medida est\u00e1 prevista na Lei n\u00b0 7.566, sancionada pelo governador Wellington Dias (PT-PI) e publicada no Di\u00e1rio Oficial do Estado dessa ter\u00e7a-feira (24).<\/p>\n\n\n\n<p>Segundo a lei, a suspens\u00e3o \u00e9 referente aos processos j\u00e1 homologados e em fase de convoca\u00e7\u00e3o dos aprovados. A medida ser\u00e1 aplicada nos concursos p\u00fablicos promovidos pelos Poderes Executivo, Legislativo e Judici\u00e1rio, bem como pelo Minist\u00e9rio P\u00fablico, Tribunal de Contas, Defensoria P\u00fablica e pelas funda\u00e7\u00f5es e autarquias do Estado.<\/p>\n\n\n\n<p>A suspens\u00e3o, conforme o documento, estar\u00e1 em vigor at\u00e9 o t\u00e9rmino do estado de calamidade p\u00fablica e durante o per\u00edodo de isolamento social e quarentena devido \u00e0 pandemia da Covid-19. Vale lembrar que o Governo do Piau\u00ed prorrogou o estado de calamidade p\u00fablica at\u00e9 o dia 31 de dezembro de 2021.<\/p>\n\n\n\n<h2>Na capital<\/h2>\n\n\n\n<figure class=\"wp-block-image\"><img decoding=\"async\" src=\"https:\/\/s2.glbimg.com\/GR6sWZD_8SWWJN7xYQ8Nqb-jwPo=\/0x0:5184x3456\/984x0\/smart\/filters:strip_icc()\/i.s3.glbimg.com\/v1\/AUTH_59edd422c0c84a879bd37670ae4f538a\/internal_photos\/bs\/2021\/5\/u\/WGkeAPRVqGPVufkc1EAQ\/img-6381.jpg\" alt=\"Prefeitura de Teresina \u2014 Foto: Andr\u00ea Nascimento\/ G1 PI\"\/><figcaption>Prefeitura de Teresina \u2014 Foto: Andr\u00ea Nascimento\/ G1 PI<\/figcaption><\/figure>\n\n\n\n<p>O prefeito de Teresina, Dr. Pessoa (MDB), publicou no Di\u00e1rio Oficial do Munic\u00edpio, de 9 de julho, a lei de n\u00ba 5.615 que suspende prazos de validade dos concursos p\u00fablicos j\u00e1 homologados, devido \u00e0 pandemia do novo coronav\u00edrus.<\/p>\n\n\n\n<p>Na lei, o prefeito explicou que leva em considera\u00e7\u00e3o o decreto municipal n\u00ba 19.537, de 20 de mar\u00e7o de 2020, que decretou estado de calamidade p\u00fablica em decorr\u00eancia da pandemia.<\/p>\n\n\n\n<p><strong>Fonte: G1 PI<\/strong><\/p>\n","protected":false},"excerpt":{"rendered":"<p>O Governo do Piau\u00ed suspendeu os prazos de validade dos editais de concursos p\u00fablicos. A medida est\u00e1 prevista na Lei n\u00b0 7.566, sancionada pelo governador Wellington Dias (PT-PI) e publicada no Di\u00e1rio Oficial do Estado dessa ter\u00e7a-feira (24). Segundo a lei, a suspens\u00e3o \u00e9 referente aos processos j\u00e1 homologados e em fase de convoca\u00e7\u00e3o dos [&hellip;]<\/p>\n","protected":false},"author":1,"featured_media":25797,"comment_status":"open","ping_status":"open","sticky":false,"template":"","format":"standard","meta":{"beyondwords_generate_audio":"","beyondwords_project_id":"","beyondwords_podcast_id":"","beyondwords_hash":"","beyondwords_error_message":"","beyondwords_disabled":"","publish_post_to_speechkit":"","speechkit_generate_audio":"","speechkit_project_id":"","speechkit_podcast_id":"","speechkit_hash":"","speechkit_error_message":"","speechkit_disabled":"","speechkit_access_key":"","speechkit_error":"","speechkit_info":"","speechkit_response":"","speechkit_retries":"","_speechkit_link":"","_speechkit_text":""},"categories":[51],"tags":[1357,44,458,52,6937,460,5866,5599],"jetpack_featured_media_url":"","_links":{"self":[{"href":"https:\/\/pinews.com.br\/index.php\/wp-json\/wp\/v2\/posts\/25796"}],"collection":[{"href":"https:\/\/pinews.com.br\/index.php\/wp-json\/wp\/v2\/posts"}],"about":[{"href":"https:\/\/pinews.com.br\/index.php\/wp-json\/wp\/v2\/types\/post"}],"author":[{"embeddable":true,"href":"https:\/\/pinews.com.br\/index.php\/wp-json\/wp\/v2\/users\/1"}],"replies":[{"embeddable":true,"href":"https:\/\/pinews.com.br\/index.php\/wp-json\/wp\/v2\/comments?post=25796"}],"version-history":[{"count":0,"href":"https:\/\/pinews.com.br\/index.php\/wp-json\/wp\/v2\/posts\/25796\/revisions"}],"wp:featuredmedia":[{"embeddable":true,"href":"https:\/\/pinews.com.br\/index.php\/wp-json\/"}],"wp:attachment":[{"href":"https:\/\/pinews.com.br\/index.php\/wp-json\/wp\/v2\/media?parent=25796"}],"wp:term":[{"taxonomy":"category","embeddable":true,"href":"https:\/\/pinews.com.br\/index.php\/wp-json\/wp\/v2\/categories?post=25796"},{"taxonomy":"post_tag","embeddable":true,"href":"https:\/\/pinews.com.br\/index.php\/wp-json\/wp\/v2\/tags?post=25796"}],"curies":[{"name":"wp","href":"https:\/\/api.w.org\/{rel}","templated":true}]}}