{"id":25799,"date":"2021-08-25T20:54:39","date_gmt":"2021-08-25T23:54:39","guid":{"rendered":"https:\/\/pinews.com.br\/?p=25799"},"modified":"2021-08-25T20:54:39","modified_gmt":"2021-08-25T23:54:39","slug":"homem-e-encontrado-morto-dentro-de-cela-de-delegacia-horas-depois-de-ser-preso-no-piaui","status":"publish","type":"post","link":"https:\/\/pinews.com.br\/index.php\/2021\/08\/25\/homem-e-encontrado-morto-dentro-de-cela-de-delegacia-horas-depois-de-ser-preso-no-piaui\/","title":{"rendered":"Homem \u00e9 encontrado morto dentro de cela de delegacia horas depois de ser preso no Piau\u00ed"},"content":{"rendered":"\n<p>Um preso identificado como Marcos Alen da Silva, de 34 anos, foi encontrado morto dentro de uma cela da Delegacia de Esperantina, a 189 km de Teresina, na manh\u00e3 desta quarta-feira (25). O homem havia sido detido na noite de ter\u00e7a-feira (24) por embriaguez ao volante.<\/p>\n\n\n\n<blockquote class=\"wp-block-quote\"><p>&#8220;A v\u00edtima foi conduzida ontem para a delegacia depois de ter causado um acidente em uma avenida de Esperantina. Ele estava altamente embriagado e foi levado para o hospital, tomou duas medica\u00e7\u00f5es e depois foi conduzido para a delegacia&#8221;, contou o delegado Ayslan Magalh\u00e3es, respons\u00e1vel pelo caso.<\/p><\/blockquote>\n\n\n\n<p>O delegado informou ao&nbsp;<strong>G1<\/strong>&nbsp;que o homem estava altamente embriagado, quase n\u00e3o conseguia se manter em p\u00e9, ent\u00e3o foi levado com apoio dos pol\u00edcias e do pr\u00f3prio irm\u00e3o para o Hospital Estadual Doutor J\u00falio Hartman. Na unidade, ele foi medicado com dois rem\u00e9dios e depois conduzido \u00e0 delegacia.<\/p>\n\n\n\n<p>De acordo com a pol\u00edcia, o acidente provocado por Marcos Alen foi uma batida frontal entre duas motocicletas. No segundo ve\u00edculo estava uma senhora de 54 anos, que sofreu apenas escoria\u00e7\u00f5es leves.<\/p>\n\n\n\n<blockquote class=\"wp-block-quote\"><p>&#8220;Por enquanto morte sem ind\u00edcio de crime. Mas vamos investigar tamb\u00e9m a quest\u00e3o da medica\u00e7\u00e3o que ele tomou e se pode ou n\u00e3o ter tido alguma rea\u00e7\u00e3o com o \u00e1lcool&#8221;, explicou o delegado.<\/p><\/blockquote>\n\n\n\n<p>Segundo a pol\u00edcia, como Marcos Alen n\u00e3o tinha condi\u00e7\u00f5es de prestar depoimento por conta da embriaguez, ele ficou detido na delegacia para responder aos procedimentos cab\u00edveis na manh\u00e3 desta quarta-feira. Por\u00e9m, quando o agente chegou na cela \u00e0s 6h, j\u00e1 encontrou o preso sem vida.<\/p>\n\n\n\n<p>Ap\u00f3s a constata\u00e7\u00e3o do \u00f3bito, o Instituto de Medicina Legal (IML) de Parna\u00edba foi acionado. Um exame cadav\u00e9rico ser\u00e1 feito no preso ser\u00e1 para averiguar a causa da morte.<\/p>\n\n\n\n<p><strong>Fonte: G1 PI<\/strong><\/p>\n","protected":false},"excerpt":{"rendered":"<p>Um preso identificado como Marcos Alen da Silva, de 34 anos, foi encontrado morto dentro de uma cela da Delegacia de Esperantina, a 189 km de Teresina, na manh\u00e3 desta quarta-feira (25). O homem havia sido detido na noite de ter\u00e7a-feira (24) por embriaguez ao volante. &#8220;A v\u00edtima foi conduzida ontem para a delegacia depois [&hellip;]<\/p>\n","protected":false},"author":1,"featured_media":25800,"comment_status":"open","ping_status":"open","sticky":false,"template":"","format":"standard","meta":{"beyondwords_generate_audio":"","beyondwords_project_id":"","beyondwords_podcast_id":"","beyondwords_hash":"","beyondwords_error_message":"","beyondwords_disabled":"","publish_post_to_speechkit":"","speechkit_generate_audio":"","speechkit_project_id":"","speechkit_podcast_id":"","speechkit_hash":"","speechkit_error_message":"","speechkit_disabled":"","speechkit_access_key":"","speechkit_error":"","speechkit_info":"","speechkit_response":"","speechkit_retries":"","_speechkit_link":"","_speechkit_text":""},"categories":[51,78],"tags":[1671,44,1088,192,830,72,200,84,5344,197,52,79,139],"jetpack_featured_media_url":"","_links":{"self":[{"href":"https:\/\/pinews.com.br\/index.php\/wp-json\/wp\/v2\/posts\/25799"}],"collection":[{"href":"https:\/\/pinews.com.br\/index.php\/wp-json\/wp\/v2\/posts"}],"about":[{"href":"https:\/\/pinews.com.br\/index.php\/wp-json\/wp\/v2\/types\/post"}],"author":[{"embeddable":true,"href":"https:\/\/pinews.com.br\/index.php\/wp-json\/wp\/v2\/users\/1"}],"replies":[{"embeddable":true,"href":"https:\/\/pinews.com.br\/index.php\/wp-json\/wp\/v2\/comments?post=25799"}],"version-history":[{"count":0,"href":"https:\/\/pinews.com.br\/index.php\/wp-json\/wp\/v2\/posts\/25799\/revisions"}],"wp:featuredmedia":[{"embeddable":true,"href":"https:\/\/pinews.com.br\/index.php\/wp-json\/"}],"wp:attachment":[{"href":"https:\/\/pinews.com.br\/index.php\/wp-json\/wp\/v2\/media?parent=25799"}],"wp:term":[{"taxonomy":"category","embeddable":true,"href":"https:\/\/pinews.com.br\/index.php\/wp-json\/wp\/v2\/categories?post=25799"},{"taxonomy":"post_tag","embeddable":true,"href":"https:\/\/pinews.com.br\/index.php\/wp-json\/wp\/v2\/tags?post=25799"}],"curies":[{"name":"wp","href":"https:\/\/api.w.org\/{rel}","templated":true}]}}