{"id":25805,"date":"2021-08-26T10:43:42","date_gmt":"2021-08-26T13:43:42","guid":{"rendered":"https:\/\/pinews.com.br\/?p=25805"},"modified":"2021-08-26T10:43:42","modified_gmt":"2021-08-26T13:43:42","slug":"caixa-paga-quinta-parcela-do-auxilio-emergencial-a-nascidos-em-julho","status":"publish","type":"post","link":"https:\/\/pinews.com.br\/index.php\/2021\/08\/26\/caixa-paga-quinta-parcela-do-auxilio-emergencial-a-nascidos-em-julho\/","title":{"rendered":"Caixa paga quinta parcela do aux\u00edlio emergencial a nascidos em julho"},"content":{"rendered":"\n<p>Trabalhadores informais nascidos em julho recebem&nbsp;hoje&nbsp;(26) a&nbsp;quinta&nbsp;parcela da nova rodada do aux\u00edlio emergencial. O benef\u00edcio&nbsp;tem&nbsp;parcelas de R$ 150 a R$ 375, dependendo da fam\u00edlia.<img decoding=\"async\" src=\"https:\/\/agenciabrasil.ebc.com.br\/ebc.png?id=1419622&amp;o=node\"><img decoding=\"async\" src=\"https:\/\/agenciabrasil.ebc.com.br\/ebc.gif?id=1419622&amp;o=node\"><\/p>\n\n\n\n<p>O pagamento&nbsp;ser\u00e1 feito ainda a inscritos no Cadastro \u00danico de Programas Sociais do Governo Federal (Cad\u00danico) nascidos no mesmo m\u00eas. O dinheiro \u00e9 depositado nas contas poupan\u00e7a digitais e pode ser movimentado pelo aplicativo Caixa Tem. Somente de duas a tr\u00eas semanas ap\u00f3s o dep\u00f3sito, o dinheiro poder\u00e1 ser sacado em esp\u00e9cie ou transferido para uma conta-corrente.<\/p>\n\n\n\n<p>Tamb\u00e9m hoje, recebem a quinta parcela do aux\u00edlio emergencial os participantes do Bolsa Fam\u00edlia com N\u00famero de Inscri\u00e7\u00e3o Social (NIS) final 7. As datas da prorroga\u00e7\u00e3o do benef\u00edcio foram anunciadas h\u00e1 duas semanas.<\/p>\n\n\n\n<p>Ao todo, 45,6 milh\u00f5es de brasileiros est\u00e3o sendo beneficiados pela nova rodada do aux\u00edlio emergencial. Ele \u00e9 pago apenas a quem recebia o benef\u00edcio em dezembro de 2020. Tamb\u00e9m \u00e9 necess\u00e1rio cumprir outros requisitos para&nbsp;ter&nbsp;direito \u00e0 nova rodada.<\/p>\n\n\n\n<figure class=\"wp-block-image\"><img decoding=\"async\" src=\"https:\/\/imagens.ebc.com.br\/TyIVeQ26E9lMR2jyF3BMA5jmT38=\/754x0\/smart\/https:\/\/agenciabrasil.ebc.com.br\/sites\/default\/files\/thumbnails\/image\/calendario_de_pagamento_da_quinta_parcela_do_auxilio_emergencial_2021.jpg?itok=t2Lrugu4\" alt=\"Calend\u00e1rio de pagamento da quinta parcela do auxilio emergencial de 2021\" title=\"Fonte: Minist\u00e9rio da Cidadania\"\/><figcaption>Calend\u00e1rio de pagamento da quinta parcela do auxilio emergencial de 2021 &#8211; <strong>Fonte: Minist\u00e9rio da Cidadania<\/strong><\/figcaption><\/figure>\n\n\n\n<p>Para os benefici\u00e1rios do Bolsa Fam\u00edlia, o pagamento ocorre de forma distinta. Os inscritos podem sacar diretamente o dinheiro nos dez \u00faltimos dias \u00fateis de cada m\u00eas, com base no d\u00edgito final do NIS.<\/p>\n\n\n\n<p>O pagamento da&nbsp;quinta&nbsp;parcela aos inscritos no Bolsa Fam\u00edlia come\u00e7ou no \u00faltimo dia 18 e segue at\u00e9 o dia 31. O aux\u00edlio emergencial somente \u00e9 depositado quando o valor for superior ao benef\u00edcio do programa social.<\/p>\n\n\n\n<figure class=\"wp-block-image\"><img decoding=\"async\" src=\"https:\/\/imagens.ebc.com.br\/Y0pFXxvatDJKxGxPfqpQHQRxzvs=\/754x0\/smart\/https:\/\/agenciabrasil.ebc.com.br\/sites\/default\/files\/thumbnails\/image\/tabela_auxilio_emergencial_quinta_parcela_bolsa_familia.jpg?itok=i73q5X7_\" alt=\"Calend\u00e1rio de pagamento da quinta parcela do aux\u00edlio emergencial para benefici\u00e1rios do Bolsa Fam\u00edlia\" title=\"Divulga\u00e7\u00e3o\/Caixa\"\/><figcaption>Calend\u00e1rio de pagamento da quinta parcela do aux\u00edlio emergencial para benefici\u00e1rios do Bolsa Fam\u00edlia &#8211; <strong>Divulga\u00e7\u00e3o\/Caixa<\/strong><\/figcaption><\/figure>\n\n\n\n<p>Em todos os casos, o aux\u00edlio \u00e9 pago apenas a quem recebia o benef\u00edcio em dezembro de 2020. Tamb\u00e9m \u00e9 necess\u00e1rio cumprir outros requisitos para&nbsp;ter&nbsp;direito \u00e0 nova rodada.<\/p>\n\n\n\n<p>O programa se encerraria em julho, mas foi prorrogado at\u00e9 outubro, com os mesmos valores para as parcelas.<\/p>\n\n\n\n<p>A Ag\u00eancia Brasil elaborou um guia de perguntas e respostas sobre o aux\u00edlio emergencial. Entre as d\u00favidas que o benefici\u00e1rio pode tirar est\u00e3o os crit\u00e9rios para receber o benef\u00edcio, a regulariza\u00e7\u00e3o do CPF e os crit\u00e9rios de desempate dentro da mesma fam\u00edlia para ter acesso ao aux\u00edlio.<\/p>\n\n\n\n<p><strong>Fonte: Ag\u00eancia Brasil<\/strong><\/p>\n","protected":false},"excerpt":{"rendered":"<p>Trabalhadores informais nascidos em julho recebem&nbsp;hoje&nbsp;(26) a&nbsp;quinta&nbsp;parcela da nova rodada do aux\u00edlio emergencial. O benef\u00edcio&nbsp;tem&nbsp;parcelas de R$ 150 a R$ 375, dependendo da fam\u00edlia. O pagamento&nbsp;ser\u00e1 feito ainda a inscritos no Cadastro \u00danico de Programas Sociais do Governo Federal (Cad\u00danico) nascidos no mesmo m\u00eas. O dinheiro \u00e9 depositado nas contas poupan\u00e7a digitais e pode ser [&hellip;]<\/p>\n","protected":false},"author":1,"featured_media":15392,"comment_status":"open","ping_status":"open","sticky":false,"template":"","format":"standard","meta":{"beyondwords_generate_audio":"","beyondwords_project_id":"","beyondwords_podcast_id":"","beyondwords_hash":"","beyondwords_error_message":"","beyondwords_disabled":"","publish_post_to_speechkit":"","speechkit_generate_audio":"","speechkit_project_id":"","speechkit_podcast_id":"","speechkit_hash":"","speechkit_error_message":"","speechkit_disabled":"","speechkit_access_key":"","speechkit_error":"","speechkit_info":"","speechkit_response":"","speechkit_retries":"","_speechkit_link":"","_speechkit_text":""},"categories":[516,134],"tags":[2647,662,46,3444,6543,5341,1692,2698,6118],"jetpack_featured_media_url":"","_links":{"self":[{"href":"https:\/\/pinews.com.br\/index.php\/wp-json\/wp\/v2\/posts\/25805"}],"collection":[{"href":"https:\/\/pinews.com.br\/index.php\/wp-json\/wp\/v2\/posts"}],"about":[{"href":"https:\/\/pinews.com.br\/index.php\/wp-json\/wp\/v2\/types\/post"}],"author":[{"embeddable":true,"href":"https:\/\/pinews.com.br\/index.php\/wp-json\/wp\/v2\/users\/1"}],"replies":[{"embeddable":true,"href":"https:\/\/pinews.com.br\/index.php\/wp-json\/wp\/v2\/comments?post=25805"}],"version-history":[{"count":0,"href":"https:\/\/pinews.com.br\/index.php\/wp-json\/wp\/v2\/posts\/25805\/revisions"}],"wp:featuredmedia":[{"embeddable":true,"href":"https:\/\/pinews.com.br\/index.php\/wp-json\/"}],"wp:attachment":[{"href":"https:\/\/pinews.com.br\/index.php\/wp-json\/wp\/v2\/media?parent=25805"}],"wp:term":[{"taxonomy":"category","embeddable":true,"href":"https:\/\/pinews.com.br\/index.php\/wp-json\/wp\/v2\/categories?post=25805"},{"taxonomy":"post_tag","embeddable":true,"href":"https:\/\/pinews.com.br\/index.php\/wp-json\/wp\/v2\/tags?post=25805"}],"curies":[{"name":"wp","href":"https:\/\/api.w.org\/{rel}","templated":true}]}}