{"id":25819,"date":"2021-08-26T11:26:23","date_gmt":"2021-08-26T14:26:23","guid":{"rendered":"https:\/\/pinews.com.br\/?p=25819"},"modified":"2021-08-26T11:26:23","modified_gmt":"2021-08-26T14:26:23","slug":"policia-prende-3-homens-acusados-de-roubarem-carreta-na-br-230","status":"publish","type":"post","link":"https:\/\/pinews.com.br\/index.php\/2021\/08\/26\/policia-prende-3-homens-acusados-de-roubarem-carreta-na-br-230\/","title":{"rendered":"Pol\u00edcia prende 3 homens acusados de roubarem carreta na BR 230"},"content":{"rendered":"\n<p>A Pol\u00edcia Militar em conjunto com a Pol\u00edcia Civil prenderam no in\u00edcio da noite desta quarta-feira (25), tr\u00eas suspeitos de roubarem uma carreta na BR 230, pr\u00f3ximo a S\u00e3o Jo\u00e3o da Varjota.<\/p>\n\n\n\n<p>No in\u00edcio da manh\u00e3, cerca de 6 pessoas (3 delas armadas), pararam uma carreta, fizeram o motorista e sua esposa de ref\u00e9m e come\u00e7aram a retirar os pneus e as calhas do ve\u00edculo, com amea\u00e7as constantes \u00e0s v\u00edtimas.<\/p>\n\n\n\n<p>Ap\u00f3s receber a den\u00fancia pelo Centro de Opera\u00e7\u00f5es da Pol\u00edcia Militar de Oeiras (COPOM), a for\u00e7a t\u00e1tica se deslocou ao local e os bandidos foram pegos de surpresa. Ao avistarem a viatura, eles abondaram o local e sa\u00edram correndo em sentidos variados. N\u00e3o houve troca e tiros.<\/p>\n\n\n\n<p>Os policiais de Oeiras, com o apoio do GPM de S\u00e3o Jo\u00e3o da Varjota, Ipiranga, Dom Expedito Lopes e Picos sa\u00edram em dilig\u00eancia e fizeram buscas durante todo o dia, tendo \u00eaxito no in\u00edcio da noite.<\/p>\n\n\n\n<p>Os mesmos foram levados para a Delegacia Regional de Oeiras. Foi apreendido ainda um caminh\u00e3o, usado pela quadrilha para fazer o transporte para outra carreta que \u00e9 usada para transporte oriundos de roubo ao destino fina. A Pol\u00edcia Civil agora vai investigar para chegar aos outros acusados e desbaratar a quadrilha.<\/p>\n\n\n\n<p><strong>Suspeita de outros crimes<\/strong><\/p>\n\n\n\n<figure class=\"wp-block-image\"><img decoding=\"async\" src=\"https:\/\/i0.wp.com\/www.oeirasemfoco.com.br\/envios\/2021\/08\/26\/42c831e7b4abee7ba5dbab3532efe0448c50fdb8.jpg?resize=700%2C481&amp;ssl=1\" alt=\"\"\/><figcaption>(Foto:Divulga\u00e7\u00e3o PM)<\/figcaption><\/figure>\n\n\n\n<p>No dia 18 de agosto um outro motorista, natural de Elesb\u00e3o Veloso, foi v\u00edtima de uma ocorr\u00eancia muito semelhante da Cidade de Jerumenha.<\/p>\n\n\n\n<p>Na ocasi\u00e3o cerca de oito bandidos armados abordaram o caminhoneiro, dois deles amarram, amea\u00e7aram e ainda agrediram o motorista com pancadas.<\/p>\n\n\n\n<p>Do caminhoneiro foi roubada a sua carteira a qual continha uma certa quantia em dinheiro e da sua carreta os ladr\u00f5es roubaram todos os pneus.<\/p>\n\n\n\n<p><strong>Fonte: Oeiras em Foco<\/strong><\/p>\n","protected":false},"excerpt":{"rendered":"<p>A Pol\u00edcia Militar em conjunto com a Pol\u00edcia Civil prenderam no in\u00edcio da noite desta quarta-feira (25), tr\u00eas suspeitos de roubarem uma carreta na BR 230, pr\u00f3ximo a S\u00e3o Jo\u00e3o da Varjota. No in\u00edcio da manh\u00e3, cerca de 6 pessoas (3 delas armadas), pararam uma carreta, fizeram o motorista e sua esposa de ref\u00e9m e [&hellip;]<\/p>\n","protected":false},"author":1,"featured_media":25820,"comment_status":"open","ping_status":"open","sticky":false,"template":"","format":"standard","meta":{"beyondwords_generate_audio":"","beyondwords_project_id":"","beyondwords_podcast_id":"","beyondwords_hash":"","beyondwords_error_message":"","beyondwords_disabled":"","publish_post_to_speechkit":"","speechkit_generate_audio":"","speechkit_project_id":"","speechkit_podcast_id":"","speechkit_hash":"","speechkit_error_message":"","speechkit_disabled":"","speechkit_access_key":"","speechkit_error":"","speechkit_info":"","speechkit_response":"","speechkit_retries":"","_speechkit_link":"","_speechkit_text":""},"categories":[51,78],"tags":[5389,1665,403,448,44,108,91,466,112,5559],"jetpack_featured_media_url":"","_links":{"self":[{"href":"https:\/\/pinews.com.br\/index.php\/wp-json\/wp\/v2\/posts\/25819"}],"collection":[{"href":"https:\/\/pinews.com.br\/index.php\/wp-json\/wp\/v2\/posts"}],"about":[{"href":"https:\/\/pinews.com.br\/index.php\/wp-json\/wp\/v2\/types\/post"}],"author":[{"embeddable":true,"href":"https:\/\/pinews.com.br\/index.php\/wp-json\/wp\/v2\/users\/1"}],"replies":[{"embeddable":true,"href":"https:\/\/pinews.com.br\/index.php\/wp-json\/wp\/v2\/comments?post=25819"}],"version-history":[{"count":0,"href":"https:\/\/pinews.com.br\/index.php\/wp-json\/wp\/v2\/posts\/25819\/revisions"}],"wp:featuredmedia":[{"embeddable":true,"href":"https:\/\/pinews.com.br\/index.php\/wp-json\/"}],"wp:attachment":[{"href":"https:\/\/pinews.com.br\/index.php\/wp-json\/wp\/v2\/media?parent=25819"}],"wp:term":[{"taxonomy":"category","embeddable":true,"href":"https:\/\/pinews.com.br\/index.php\/wp-json\/wp\/v2\/categories?post=25819"},{"taxonomy":"post_tag","embeddable":true,"href":"https:\/\/pinews.com.br\/index.php\/wp-json\/wp\/v2\/tags?post=25819"}],"curies":[{"name":"wp","href":"https:\/\/api.w.org\/{rel}","templated":true}]}}