{"id":25897,"date":"2021-08-29T19:27:15","date_gmt":"2021-08-29T22:27:15","guid":{"rendered":"https:\/\/pinews.com.br\/?p=25897"},"modified":"2021-08-29T19:27:15","modified_gmt":"2021-08-29T22:27:15","slug":"taxista-e-assassinado-com-tiro-na-cabeca-em-bar-no-piaui","status":"publish","type":"post","link":"https:\/\/pinews.com.br\/index.php\/2021\/08\/29\/taxista-e-assassinado-com-tiro-na-cabeca-em-bar-no-piaui\/","title":{"rendered":"Taxista \u00e9 assassinado com tiro na cabe\u00e7a em bar no Piau\u00ed"},"content":{"rendered":"\n<p>Um taxista identificado como Rozemberk Francisco Pereira, 40 anos,&nbsp; foi morto na tarde deste domingo (29). O crime ocorreu&nbsp; em um bar na Vila S\u00e3o Jos\u00e9,&nbsp; zona sul de Teresina. A v\u00edtima foi baleada por dois homens que chegaram ao local em uma motocicleta.<br><br>A v\u00edtima foi executada com pelo menos tr\u00eas tiros na cabe\u00e7a.&nbsp;No momento da a\u00e7\u00e3o, outro cliente do estabelecimento foi atingido com um disparo na m\u00e3o. Ele foi encaminhado ao Hospital do Promorar pelo Servi\u00e7o de Atendimento M\u00f3vel de Urg\u00eancia (Samu), mas j\u00e1 foi liberado.&nbsp;<br><br>Segundo o sargento Nascimento da 2\u00aaCIPM do Promorar, os dois homens estavam fardados com uniforme que seria de uma empresa. A pol\u00edcia recebeu informa\u00e7\u00f5es de que eles j\u00e1 teriam chegado atirando, sem oportunidade de rea\u00e7\u00e3o da v\u00edtima.&nbsp;<\/p>\n\n\n\n<p>\u201cA informa\u00e7\u00e3o que temos&nbsp; \u00e9 que ele \u00e9 taxista, mas n\u00e3o sabemos ainda se tem alguma ficha e qual seria o motivo. Mas os homens j\u00e1 chegaram perguntando por ele e foram direto. S\u00e3o dois elementos. Estamos fazendo as dilig\u00eancias. A outra pessoa que foi atingida na m\u00e3o j\u00e1 foi liberada\u201d, destaca.&nbsp;<br><br>O caso ser\u00e1 investigado pelo Departamento de Homic\u00eddios e Prote\u00e7\u00e3o \u00e0 Pessoa (DHPP). A pol\u00edcia busca informa\u00e7\u00f5es sobre os dois suspeitos.<\/p>\n\n\n\n<p><strong>Fonte: L\u00eddia Brito\/ Cidade Verde<\/strong><\/p>\n","protected":false},"excerpt":{"rendered":"<p>Um taxista identificado como Rozemberk Francisco Pereira, 40 anos,&nbsp; foi morto na tarde deste domingo (29). O crime ocorreu&nbsp; em um bar na Vila S\u00e3o Jos\u00e9,&nbsp; zona sul de Teresina. A v\u00edtima foi baleada por dois homens que chegaram ao local em uma motocicleta. A v\u00edtima foi executada com pelo menos tr\u00eas tiros na cabe\u00e7a.&nbsp;No [&hellip;]<\/p>\n","protected":false},"author":1,"featured_media":25898,"comment_status":"open","ping_status":"open","sticky":false,"template":"","format":"standard","meta":{"beyondwords_generate_audio":"","beyondwords_project_id":"","beyondwords_podcast_id":"","beyondwords_hash":"","beyondwords_error_message":"","beyondwords_disabled":"","publish_post_to_speechkit":"","speechkit_generate_audio":"","speechkit_project_id":"","speechkit_podcast_id":"","speechkit_hash":"","speechkit_error_message":"","speechkit_disabled":"","speechkit_access_key":"","speechkit_error":"","speechkit_info":"","speechkit_response":"","speechkit_retries":"","_speechkit_link":"","_speechkit_text":""},"categories":[51,78,81],"tags":[364,1165,750,72,46,91,52,1615,527],"jetpack_featured_media_url":"","_links":{"self":[{"href":"https:\/\/pinews.com.br\/index.php\/wp-json\/wp\/v2\/posts\/25897"}],"collection":[{"href":"https:\/\/pinews.com.br\/index.php\/wp-json\/wp\/v2\/posts"}],"about":[{"href":"https:\/\/pinews.com.br\/index.php\/wp-json\/wp\/v2\/types\/post"}],"author":[{"embeddable":true,"href":"https:\/\/pinews.com.br\/index.php\/wp-json\/wp\/v2\/users\/1"}],"replies":[{"embeddable":true,"href":"https:\/\/pinews.com.br\/index.php\/wp-json\/wp\/v2\/comments?post=25897"}],"version-history":[{"count":0,"href":"https:\/\/pinews.com.br\/index.php\/wp-json\/wp\/v2\/posts\/25897\/revisions"}],"wp:featuredmedia":[{"embeddable":true,"href":"https:\/\/pinews.com.br\/index.php\/wp-json\/"}],"wp:attachment":[{"href":"https:\/\/pinews.com.br\/index.php\/wp-json\/wp\/v2\/media?parent=25897"}],"wp:term":[{"taxonomy":"category","embeddable":true,"href":"https:\/\/pinews.com.br\/index.php\/wp-json\/wp\/v2\/categories?post=25897"},{"taxonomy":"post_tag","embeddable":true,"href":"https:\/\/pinews.com.br\/index.php\/wp-json\/wp\/v2\/tags?post=25897"}],"curies":[{"name":"wp","href":"https:\/\/api.w.org\/{rel}","templated":true}]}}