{"id":25908,"date":"2021-08-30T10:11:27","date_gmt":"2021-08-30T13:11:27","guid":{"rendered":"https:\/\/pinews.com.br\/?p=25908"},"modified":"2021-08-30T10:11:27","modified_gmt":"2021-08-30T13:11:27","slug":"queimada-assusta-moradores-de-cidades-na-divisa-do-piaui-com-o-ceara","status":"publish","type":"post","link":"https:\/\/pinews.com.br\/index.php\/2021\/08\/30\/queimada-assusta-moradores-de-cidades-na-divisa-do-piaui-com-o-ceara\/","title":{"rendered":"Queimada assusta moradores de cidades na divisa do Piau\u00ed com o Cear\u00e1"},"content":{"rendered":"\n<p>Uma queimada de grandes propor\u00e7\u00f5es na divisa do Piau\u00ed com o estado do Cear\u00e1 tem causado preju\u00edzos e preocupado moradores de munic\u00edpios da regi\u00e3o norte, como Pedro II, Milton Brand\u00e3o, e Buriti dos Montes. O fogo, que atinge \u00e1reas de vegeta\u00e7\u00e3o, teve in\u00edcio na \u00faltima quarta-feira, na zona rural do munic\u00edpio cearense de Poranga.&nbsp;<\/p>\n\n\n\n<p>Segundo bombeiros civis do munic\u00edpio cearense, as chamas chegaram a ser controladas, mas com a forte ventania que atingiu a regi\u00e3o, acabaram reacendendo.&nbsp;<\/p>\n\n\n\n<p>Ainda de acordo com informa\u00e7\u00f5es do bombeiros, o fogo estaria avan\u00e7ando agora para a regi\u00e3o de Bom Princ\u00edpio. <\/p>\n\n\n\n<p>Uma grande nuvem de fuma\u00e7a foi vista em v\u00e1rias cidades da regi\u00e3o norte. A popula\u00e7\u00e3o ficou assustada e temendo preju\u00edzos.&nbsp;<\/p>\n\n\n\n<p>Gestores dos munic\u00edpios atingidos contactaram brigadas de inc\u00eandio da regi\u00e3o e pediram refor\u00e7o de equipes do Corpo de Bombeiros, que deve deslocar equipes de Teresina para a regi\u00e3o.&nbsp;<\/p>\n\n\n\n<figure class=\"wp-block-image\"><img decoding=\"async\" src=\"https:\/\/cidadeverde.com\/assets\/uploads\/posts\/queimada2.jpg\" alt=\"\"\/><figcaption><em>Foto: Redes sociais <\/em><\/figcaption><\/figure>\n\n\n\n<p><br><strong>Fonte: Natanael Souza\/ Cidade Verde\/<br>Com informa\u00e7\u00f5es de Ney Silva \u2013 R\u00e1dio Cidade Verde Pedro II<\/strong><\/p>\n","protected":false},"excerpt":{"rendered":"<p>Uma queimada de grandes propor\u00e7\u00f5es na divisa do Piau\u00ed com o estado do Cear\u00e1 tem causado preju\u00edzos e preocupado moradores de munic\u00edpios da regi\u00e3o norte, como Pedro II, Milton Brand\u00e3o, e Buriti dos Montes. O fogo, que atinge \u00e1reas de vegeta\u00e7\u00e3o, teve in\u00edcio na \u00faltima quarta-feira, na zona rural do munic\u00edpio cearense de Poranga.&nbsp; Segundo [&hellip;]<\/p>\n","protected":false},"author":1,"featured_media":25909,"comment_status":"open","ping_status":"open","sticky":false,"template":"","format":"standard","meta":{"beyondwords_generate_audio":"","beyondwords_project_id":"","beyondwords_podcast_id":"","beyondwords_hash":"","beyondwords_error_message":"","beyondwords_disabled":"","publish_post_to_speechkit":"","speechkit_generate_audio":"","speechkit_project_id":"","speechkit_podcast_id":"","speechkit_hash":"","speechkit_error_message":"","speechkit_disabled":"","speechkit_access_key":"","speechkit_error":"","speechkit_info":"","speechkit_response":"","speechkit_retries":"","_speechkit_link":"","_speechkit_text":""},"categories":[134,51],"tags":[6415,672,809,44,1259,2020,91,52,281],"jetpack_featured_media_url":"","_links":{"self":[{"href":"https:\/\/pinews.com.br\/index.php\/wp-json\/wp\/v2\/posts\/25908"}],"collection":[{"href":"https:\/\/pinews.com.br\/index.php\/wp-json\/wp\/v2\/posts"}],"about":[{"href":"https:\/\/pinews.com.br\/index.php\/wp-json\/wp\/v2\/types\/post"}],"author":[{"embeddable":true,"href":"https:\/\/pinews.com.br\/index.php\/wp-json\/wp\/v2\/users\/1"}],"replies":[{"embeddable":true,"href":"https:\/\/pinews.com.br\/index.php\/wp-json\/wp\/v2\/comments?post=25908"}],"version-history":[{"count":0,"href":"https:\/\/pinews.com.br\/index.php\/wp-json\/wp\/v2\/posts\/25908\/revisions"}],"wp:featuredmedia":[{"embeddable":true,"href":"https:\/\/pinews.com.br\/index.php\/wp-json\/"}],"wp:attachment":[{"href":"https:\/\/pinews.com.br\/index.php\/wp-json\/wp\/v2\/media?parent=25908"}],"wp:term":[{"taxonomy":"category","embeddable":true,"href":"https:\/\/pinews.com.br\/index.php\/wp-json\/wp\/v2\/categories?post=25908"},{"taxonomy":"post_tag","embeddable":true,"href":"https:\/\/pinews.com.br\/index.php\/wp-json\/wp\/v2\/tags?post=25908"}],"curies":[{"name":"wp","href":"https:\/\/api.w.org\/{rel}","templated":true}]}}