{"id":25937,"date":"2021-08-31T10:55:55","date_gmt":"2021-08-31T13:55:55","guid":{"rendered":"https:\/\/pinews.com.br\/?p=25937"},"modified":"2021-08-31T10:55:55","modified_gmt":"2021-08-31T13:55:55","slug":"menino-de-13-anos-quer-vender-cabelo-para-reformar-casa-dos-pais-no-interior-do-piaui","status":"publish","type":"post","link":"https:\/\/pinews.com.br\/index.php\/2021\/08\/31\/menino-de-13-anos-quer-vender-cabelo-para-reformar-casa-dos-pais-no-interior-do-piaui\/","title":{"rendered":"Menino de 13 anos quer vender cabelo para reformar casa dos pais no interior do Piau\u00ed"},"content":{"rendered":"\n<p>Preocupado com a situa\u00e7\u00e3o da fam\u00edlia, que vive em uma casa de taipa, o pequeno Jo\u00e3o Pedro Barbosa Pierot, de 13 anos, deposita nos seus longos cabelos o sonho de reformar seu lar. O menino mora com os pais e um irm\u00e3o de 10 anos no povoado Marinheiros, zona rural de Uni\u00e3o, no Norte do Piau\u00ed.<\/p>\n\n\n\n<p>Ele procurou uma r\u00e1dio local pedindo ajuda para conseguir vender o cabelo e assim conseguir construir uma casa de alvenaria para a fam\u00edlia. O pai, Fernando Pierot, \u00e9 lavrador e est\u00e1 impossibilitado de trabalhar na ro\u00e7a, depois que sofreu um acidente de motocicleta, h\u00e1 alguns anos. Atualmente, ele auxilia a esposa, Maria de Jesus Barbosa, na pesca e \u00e9 a \u00fanica fonte de renda da fam\u00edlia.<\/p>\n\n\n\n<p>\u201cFoi ele quem quis ir atr\u00e1s, escreveu uma carta pedindo ajuda. Quando ele era pequeno n\u00e3o cortei o cabelo dele e depois que cresceu ele nunca deixou eu cortar. Agora ele quer vender, para nos ajudar, porque quando chove, nossa casa que tem as paredes de barro alaga. Na \u00faltima chuva, a parede do quarto do Jo\u00e3o Pedro caiu, a\u00ed ele resolveu que ia ajudar a gente a construir uma casa para que isso n\u00e3o acontecesse mais\u201d, afirmou a m\u00e3e do garoto.<\/p>\n\n\n\n<p>Cursando o 7\u00ba ano do ensino fundamental, Jo\u00e3o Pedro est\u00e1 com as aulas remotas desde o in\u00edcio da pandemia. A m\u00e3e conta que ele sempre faz as atividades da escola p\u00fablica que estuda com muito apre\u00e7o. \u201cEle \u00e9 um menino muito interessado, nunca reprovou e faz todas as tarefas. Ele e o irm\u00e3o assistem \u00e0s aulas pelo meu celular, toda tarde\u201d, declarou Maria de Jesus.<\/p>\n\n\n\n<figure class=\"wp-block-image\"><img decoding=\"async\" src=\"https:\/\/s2.glbimg.com\/chb_8HYphi8TSgYjG3pIOpDre_E=\/0x0:960x1280\/984x0\/smart\/filters:strip_icc()\/i.s3.glbimg.com\/v1\/AUTH_59edd422c0c84a879bd37670ae4f538a\/internal_photos\/bs\/2021\/U\/6\/RDlVMWS0usoozeAm0pmA\/joao-pedro-cabelo-uniao-piaui-3-.jpeg\" alt=\"Cabelo que Jo\u00e3o Pedro quer vender \u2014 Foto: Arquivo Pessoal\"\/><figcaption>Cabelo que Jo\u00e3o Pedro quer vender \u2014 Foto: Arquivo Pessoal<\/figcaption><\/figure>\n\n\n\n<p>A m\u00e3e contou que Jo\u00e3o Pedro tamb\u00e9m almeja comprar um notebook para que possa estudar mais e cursar Direito. \u201cAl\u00e9m de reformar a casa, ele quer com o dinheiro do cabelo comprar um notebook, porque hoje eles estudam pelo meu celular e com o notebook ele quer terminar os estudos para cursar Direito\u201d.<\/p>\n\n\n\n<p>A renda da fam\u00edlia, que tamb\u00e9m recebe o Bolsa Fam\u00edlia, \u00e9 em m\u00e9dia de R$ 600 por m\u00eas. \u201cQuando tem enchente a gente consegue muitos peixes no arrasto, mas isso \u00e9 mais no m\u00eas de maio. Esse ano, que o inverno foi fraco, a gente mal conseguiu peixe para comer\u201d, destacou a m\u00e3e.<\/p>\n\n\n\n<figure class=\"wp-block-image\"><img decoding=\"async\" src=\"https:\/\/s2.glbimg.com\/EiKz5nqcEnonzLmZ2ezUkm7e3mc=\/0x0:960x1280\/984x0\/smart\/filters:strip_icc()\/i.s3.glbimg.com\/v1\/AUTH_59edd422c0c84a879bd37670ae4f538a\/internal_photos\/bs\/2021\/Y\/y\/ZLsWTwQXK4q9OpLyIfLQ\/joao-pedro-cabelo-uniao-piaui-2-.jpeg\" alt=\"Jo\u00e3o Pedro que cursar Direito \u2014 Foto: Arquivo pessoal\"\/><figcaption>Jo\u00e3o Pedro que cursar Direito \u2014 Foto: Arquivo pessoal<\/figcaption><\/figure>\n\n\n\n<p><strong>Fonte: G1 PI<\/strong><\/p>\n","protected":false},"excerpt":{"rendered":"<p>Preocupado com a situa\u00e7\u00e3o da fam\u00edlia, que vive em uma casa de taipa, o pequeno Jo\u00e3o Pedro Barbosa Pierot, de 13 anos, deposita nos seus longos cabelos o sonho de reformar seu lar. O menino mora com os pais e um irm\u00e3o de 10 anos no povoado Marinheiros, zona rural de Uni\u00e3o, no Norte do [&hellip;]<\/p>\n","protected":false},"author":1,"featured_media":25938,"comment_status":"open","ping_status":"open","sticky":false,"template":"","format":"standard","meta":{"beyondwords_generate_audio":"","beyondwords_project_id":"","beyondwords_podcast_id":"","beyondwords_hash":"","beyondwords_error_message":"","beyondwords_disabled":"","publish_post_to_speechkit":"","speechkit_generate_audio":"","speechkit_project_id":"","speechkit_podcast_id":"","speechkit_hash":"","speechkit_error_message":"","speechkit_disabled":"","speechkit_access_key":"","speechkit_error":"","speechkit_info":"","speechkit_response":"","speechkit_retries":"","_speechkit_link":"","_speechkit_text":""},"categories":[51],"tags":[426,82,1051,149,44,478,716,1267,998,350,52,5887,9002,5364],"jetpack_featured_media_url":"","_links":{"self":[{"href":"https:\/\/pinews.com.br\/index.php\/wp-json\/wp\/v2\/posts\/25937"}],"collection":[{"href":"https:\/\/pinews.com.br\/index.php\/wp-json\/wp\/v2\/posts"}],"about":[{"href":"https:\/\/pinews.com.br\/index.php\/wp-json\/wp\/v2\/types\/post"}],"author":[{"embeddable":true,"href":"https:\/\/pinews.com.br\/index.php\/wp-json\/wp\/v2\/users\/1"}],"replies":[{"embeddable":true,"href":"https:\/\/pinews.com.br\/index.php\/wp-json\/wp\/v2\/comments?post=25937"}],"version-history":[{"count":0,"href":"https:\/\/pinews.com.br\/index.php\/wp-json\/wp\/v2\/posts\/25937\/revisions"}],"wp:featuredmedia":[{"embeddable":true,"href":"https:\/\/pinews.com.br\/index.php\/wp-json\/"}],"wp:attachment":[{"href":"https:\/\/pinews.com.br\/index.php\/wp-json\/wp\/v2\/media?parent=25937"}],"wp:term":[{"taxonomy":"category","embeddable":true,"href":"https:\/\/pinews.com.br\/index.php\/wp-json\/wp\/v2\/categories?post=25937"},{"taxonomy":"post_tag","embeddable":true,"href":"https:\/\/pinews.com.br\/index.php\/wp-json\/wp\/v2\/tags?post=25937"}],"curies":[{"name":"wp","href":"https:\/\/api.w.org\/{rel}","templated":true}]}}