{"id":25940,"date":"2021-08-31T10:59:02","date_gmt":"2021-08-31T13:59:02","guid":{"rendered":"https:\/\/pinews.com.br\/?p=25940"},"modified":"2021-08-31T10:59:02","modified_gmt":"2021-08-31T13:59:02","slug":"homem-e-preso-pela-prf-na-br-222-com-motocicleta-roubada-ha-14-anos","status":"publish","type":"post","link":"https:\/\/pinews.com.br\/index.php\/2021\/08\/31\/homem-e-preso-pela-prf-na-br-222-com-motocicleta-roubada-ha-14-anos\/","title":{"rendered":"Homem \u00e9 preso pela PRF na BR 222 com motocicleta roubada h\u00e1 14 anos"},"content":{"rendered":"\n<p>Policiais Rodovi\u00e1rios Federais recuperaram na tarde de ontem(30) uma motocicleta HONDA\/CG 125 FAN KS que havia sido tomada de assalto em Fortaleza\/CE. A a\u00e7\u00e3o aconteceu na BR 222 na cidade de Batalha\/PI.<\/p>\n\n\n\n<p>Os policiais avistaram o ve\u00edculo que estava estacionado \u00e0s margens da rodovia no momento da abordagem. Um homem de 25 anos se identificou como propriet\u00e1rio do bem. Os policiais verificaram que os elementos de identifica\u00e7\u00e3o apresentavam ind\u00edcios de adultera\u00e7\u00e3o. Ao realizar uma verifica\u00e7\u00e3o mais minuciosa, foi detectado que o ve\u00edculo havia sido tomado de assalto no dia 04\/02\/2007 na cidade de Fortaleza\/CE, portanto h\u00e1 14 anos.<\/p>\n\n\n\n<p>O homem, que j\u00e1 responde pelos crimes de Apropria\u00e7\u00e3o Ind\u00e9bita, Abandono de Incapaz e Maus Tratos, informou que n\u00e3o tinha conhecimento da restri\u00e7\u00e3o do bem e que havia deixado a motocicleta em uma mec\u00e2nica para fazer um reparo no motor por quatro meses. Ele n\u00e3o informou como adquiriu o bem.<\/p>\n\n\n\n<p>Diante desse cen\u00e1rio, os policiais encaminharam a motocicleta e o homem at\u00e9 \u00e0 Pol\u00edcia Civil na cidade de Batalha\/PI para os procedimentos que o caso requer. Ele responder\u00e1 pelo crime de Recepta\u00e7\u00e3o.<\/p>\n\n\n\n<p><strong>Fonte: PRF-PI<\/strong><\/p>\n","protected":false},"excerpt":{"rendered":"<p>Policiais Rodovi\u00e1rios Federais recuperaram na tarde de ontem(30) uma motocicleta HONDA\/CG 125 FAN KS que havia sido tomada de assalto em Fortaleza\/CE. A a\u00e7\u00e3o aconteceu na BR 222 na cidade de Batalha\/PI. Os policiais avistaram o ve\u00edculo que estava estacionado \u00e0s margens da rodovia no momento da abordagem. Um homem de 25 anos se identificou [&hellip;]<\/p>\n","protected":false},"author":1,"featured_media":25941,"comment_status":"open","ping_status":"open","sticky":false,"template":"","format":"standard","meta":{"beyondwords_generate_audio":"","beyondwords_project_id":"","beyondwords_podcast_id":"","beyondwords_hash":"","beyondwords_error_message":"","beyondwords_disabled":"","publish_post_to_speechkit":"","speechkit_generate_audio":"","speechkit_project_id":"","speechkit_podcast_id":"","speechkit_hash":"","speechkit_error_message":"","speechkit_disabled":"","speechkit_access_key":"","speechkit_error":"","speechkit_info":"","speechkit_response":"","speechkit_retries":"","_speechkit_link":"","_speechkit_text":""},"categories":[51,78],"tags":[827,402,82,403,72,603,84,179,91,103,79,104,813],"jetpack_featured_media_url":"","_links":{"self":[{"href":"https:\/\/pinews.com.br\/index.php\/wp-json\/wp\/v2\/posts\/25940"}],"collection":[{"href":"https:\/\/pinews.com.br\/index.php\/wp-json\/wp\/v2\/posts"}],"about":[{"href":"https:\/\/pinews.com.br\/index.php\/wp-json\/wp\/v2\/types\/post"}],"author":[{"embeddable":true,"href":"https:\/\/pinews.com.br\/index.php\/wp-json\/wp\/v2\/users\/1"}],"replies":[{"embeddable":true,"href":"https:\/\/pinews.com.br\/index.php\/wp-json\/wp\/v2\/comments?post=25940"}],"version-history":[{"count":0,"href":"https:\/\/pinews.com.br\/index.php\/wp-json\/wp\/v2\/posts\/25940\/revisions"}],"wp:featuredmedia":[{"embeddable":true,"href":"https:\/\/pinews.com.br\/index.php\/wp-json\/"}],"wp:attachment":[{"href":"https:\/\/pinews.com.br\/index.php\/wp-json\/wp\/v2\/media?parent=25940"}],"wp:term":[{"taxonomy":"category","embeddable":true,"href":"https:\/\/pinews.com.br\/index.php\/wp-json\/wp\/v2\/categories?post=25940"},{"taxonomy":"post_tag","embeddable":true,"href":"https:\/\/pinews.com.br\/index.php\/wp-json\/wp\/v2\/tags?post=25940"}],"curies":[{"name":"wp","href":"https:\/\/api.w.org\/{rel}","templated":true}]}}