{"id":2595,"date":"2019-11-29T18:56:07","date_gmt":"2019-11-29T21:56:07","guid":{"rendered":"https:\/\/pinews.com.br\/?p=2595"},"modified":"2019-11-29T18:56:07","modified_gmt":"2019-11-29T21:56:07","slug":"no-piaui-mulher-perde-controle-de-veiculo-e-cai-dentro-de-lago","status":"publish","type":"post","link":"https:\/\/pinews.com.br\/index.php\/2019\/11\/29\/no-piaui-mulher-perde-controle-de-veiculo-e-cai-dentro-de-lago\/","title":{"rendered":"No Piau\u00ed, mulher perde controle de ve\u00edculo e cai dentro de lago"},"content":{"rendered":"\n<p>(Foto: Reprodu\u00e7\u00e3o)<\/p>\n\n\n\n<p style=\"text-align:justify\">Um ve\u00edculo modelo Saveiro caiu dentro de um lago na manh\u00e3 desta sexta-feira (29\/11), ap\u00f3s uma motorista perder o controle do ve\u00edculo acelerando ao inv\u00e9s de frear, pr\u00f3ximo Parque Lagoas do Norte, na Vila Carlos Feitosa, na zona Norte de Teresina.<\/p>\n\n\n\n<figure class=\"wp-block-image\"><img decoding=\"async\" src=\"https:\/\/static.meionorte.com\/uploads\/imagens\/2019\/11\/29\/68263e6d-f3fa-43d8-8e8b-3a973b541935-57fe4b1c-72e8-4870-a239-e63b290cfa47.jpg\" alt=\"\"\/><\/figure>\n\n\n\n<p style=\"text-align:justify\">De acordo com moradores da regi\u00e3o, a motorista ainda est\u00e1 aprendendo a dirigir e no momento do acidente estava com a filha de apenas 10 anos no ve\u00edculo. As duas foram resgatadas por moradores antes do ve\u00edculo afundar no lago.&nbsp;<\/p>\n\n\n\n<p style=\"text-align:justify\">&#8220;Ao inv\u00e9s de pisar na embreagem ela fez foi acelerar. Ela s\u00f3 n\u00e3o morreu porque os meninos estavam a\u00ed, um dos meninos criou coragem, entrou [na \u00e1gua] e tirou elas duas, a filha dela est\u00e1 ali e ela [motorista] est\u00e1 no hospital&#8221; contou uma moradora.<\/p>\n\n\n\n<p style=\"text-align:justify\">A assessoria do Programa Lagoas do Norte informou que o local n\u00e3o \u00e9 uma lagoa e que possui meio fio e cal\u00e7ada \u00e9 um local sinalizado.<\/p>\n\n\n\n<p><strong>Fonte: Meio Norte<\/strong> <\/p>\n","protected":false},"excerpt":{"rendered":"<p>(Foto: Reprodu\u00e7\u00e3o) Um ve\u00edculo modelo Saveiro caiu dentro de um lago na manh\u00e3 desta sexta-feira (29\/11), ap\u00f3s uma motorista perder o controle do ve\u00edculo acelerando ao inv\u00e9s de frear, pr\u00f3ximo Parque Lagoas do Norte, na Vila Carlos Feitosa, na zona Norte de Teresina. De acordo com moradores da regi\u00e3o, a motorista ainda est\u00e1 aprendendo a [&hellip;]<\/p>\n","protected":false},"author":1,"featured_media":2596,"comment_status":"open","ping_status":"open","sticky":false,"template":"","format":"standard","meta":{"beyondwords_generate_audio":"","beyondwords_project_id":"","beyondwords_podcast_id":"","beyondwords_hash":"","beyondwords_error_message":"","beyondwords_disabled":"","publish_post_to_speechkit":"","speechkit_generate_audio":"","speechkit_project_id":"","speechkit_podcast_id":"","speechkit_hash":"","speechkit_error_message":"","speechkit_disabled":"","speechkit_access_key":"","speechkit_error":"","speechkit_info":"","speechkit_response":"","speechkit_retries":"","_speechkit_link":"","_speechkit_text":""},"categories":[1184,51],"tags":[1689,135,52,158],"jetpack_featured_media_url":"","_links":{"self":[{"href":"https:\/\/pinews.com.br\/index.php\/wp-json\/wp\/v2\/posts\/2595"}],"collection":[{"href":"https:\/\/pinews.com.br\/index.php\/wp-json\/wp\/v2\/posts"}],"about":[{"href":"https:\/\/pinews.com.br\/index.php\/wp-json\/wp\/v2\/types\/post"}],"author":[{"embeddable":true,"href":"https:\/\/pinews.com.br\/index.php\/wp-json\/wp\/v2\/users\/1"}],"replies":[{"embeddable":true,"href":"https:\/\/pinews.com.br\/index.php\/wp-json\/wp\/v2\/comments?post=2595"}],"version-history":[{"count":0,"href":"https:\/\/pinews.com.br\/index.php\/wp-json\/wp\/v2\/posts\/2595\/revisions"}],"wp:featuredmedia":[{"embeddable":true,"href":"https:\/\/pinews.com.br\/index.php\/wp-json\/"}],"wp:attachment":[{"href":"https:\/\/pinews.com.br\/index.php\/wp-json\/wp\/v2\/media?parent=2595"}],"wp:term":[{"taxonomy":"category","embeddable":true,"href":"https:\/\/pinews.com.br\/index.php\/wp-json\/wp\/v2\/categories?post=2595"},{"taxonomy":"post_tag","embeddable":true,"href":"https:\/\/pinews.com.br\/index.php\/wp-json\/wp\/v2\/tags?post=2595"}],"curies":[{"name":"wp","href":"https:\/\/api.w.org\/{rel}","templated":true}]}}