{"id":25976,"date":"2021-09-01T11:24:37","date_gmt":"2021-09-01T14:24:37","guid":{"rendered":"https:\/\/pinews.com.br\/?p=25976"},"modified":"2021-09-01T11:24:37","modified_gmt":"2021-09-01T14:24:37","slug":"alepi-discute-projeto-de-lei-que-cria-policial-temporario-por-periodo-de-oito-anos","status":"publish","type":"post","link":"https:\/\/pinews.com.br\/index.php\/2021\/09\/01\/alepi-discute-projeto-de-lei-que-cria-policial-temporario-por-periodo-de-oito-anos\/","title":{"rendered":"Alepi discute projeto de lei que cria policial tempor\u00e1rio por per\u00edodo de oito anos"},"content":{"rendered":"\n<p>A Comiss\u00e3o de Constitui\u00e7\u00e3o de Justi\u00e7a (CCJ) da Assembleia Legislativa aprovou nesta ter\u00e7a-feira (31) o projeto de lei que cria o cargo de policial militar tempor\u00e1rio no estado do Piau\u00ed. A proposta, enviada \u00e0 casa pelo governador Wellington Dias, ressalta que o servi\u00e7o j\u00e1 acontece no \u00e2mbito da Uni\u00e3o e em outros estados.&nbsp;<\/p>\n\n\n\n<p>De acordo com o texto do projeto, os policiais militares tempor\u00e1rios dever\u00e3o ingressar voluntariamente atrav\u00e9s de processo seletivo e ter\u00e3o o prazo m\u00e1ximo de oito anos no servi\u00e7o ativo. Eles n\u00e3o adquirem estabilidade e devem passar a compor a reserva n\u00e3o remunerada ap\u00f3s serem desligados do servi\u00e7o ativo.<\/p>\n\n\n\n<p>A proposta ainda destaca que os policiais militares tempor\u00e1rios dever\u00e3o ocupar fun\u00e7\u00f5es em \u00e1reas de interesse da corpora\u00e7\u00e3o.&nbsp;<\/p>\n\n\n\n<p>Os oficiais do quadro complementar dever\u00e3o possuir habilita\u00e7\u00e3o de n\u00edvel superior em \u00e1reas como: m\u00fasica, sa\u00fade, arquitetura, engenharia civil, engenharia el\u00e9trica, engenharia mec\u00e2nica, comunica\u00e7\u00e3o social, ci\u00eancias cont\u00e1beis, ci\u00eancia da computa\u00e7\u00e3o, engenharia da computa\u00e7\u00e3o, banco de dados, processamento de dados, redes, telecomunica\u00e7\u00f5es, administra\u00e7\u00e3o, desenvolvimento e programa\u00e7\u00e3o para web, gest\u00e3o ambiental, sistemas de informa\u00e7\u00f5es, an\u00e1lise e desenvolvimento de sistemas, engenharia de software e estat\u00edstica.&nbsp;<\/p>\n\n\n\n<p>J\u00e1 as pra\u00e7as ter\u00e3o n\u00edvel m\u00e9dio com habilita\u00e7\u00e3o em \u00e1reas como: t\u00e9cnico em instrumento musical, t\u00e9cnico na \u00e1rea da sa\u00fade, t\u00e9cnico em estat\u00edstica, t\u00e9cnico em contabilidade, t\u00e9cnico em eletrot\u00e9cnica, t\u00e9cnico em mec\u00e2nica, t\u00e9cnico em meio ambiente, t\u00e9cnico em administra\u00e7\u00e3o, t\u00e9cnico em edifica\u00e7\u00f5es, t\u00e9cnico em inform\u00e1tica para internet, t\u00e9cnico em manuten\u00e7\u00e3o e suporte em inform\u00e1tica, t\u00e9cnico em rede de computadores, t\u00e9cnico em telecomunica\u00e7\u00f5es.&nbsp;<\/p>\n\n\n\n<p>Ap\u00f3s passar pela CCJ, a proposta deve tramitar agora pelas demais comiss\u00f5es t\u00e9cnicas da Assembleia Legislativa antes de ser colocada em vota\u00e7\u00e3o no plen\u00e1rio.&nbsp;<\/p>\n\n\n\n<p><a href=\"https:\/\/cidadeverde.com\/assets\/uploads\/files\/plog-30_1630499584.pdf\" target=\"_blank\" rel=\"noreferrer noopener\"><strong>Clique e confira a \u00edntegra do projeto<\/strong><\/a><\/p>\n\n\n\n<p><strong>Fonte: Natanael Souza\/ Cidade Verde<\/strong><\/p>\n","protected":false},"excerpt":{"rendered":"<p>A Comiss\u00e3o de Constitui\u00e7\u00e3o de Justi\u00e7a (CCJ) da Assembleia Legislativa aprovou nesta ter\u00e7a-feira (31) o projeto de lei que cria o cargo de policial militar tempor\u00e1rio no estado do Piau\u00ed. A proposta, enviada \u00e0 casa pelo governador Wellington Dias, ressalta que o servi\u00e7o j\u00e1 acontece no \u00e2mbito da Uni\u00e3o e em outros estados.&nbsp; De acordo [&hellip;]<\/p>\n","protected":false},"author":1,"featured_media":25977,"comment_status":"open","ping_status":"open","sticky":false,"template":"","format":"standard","meta":{"beyondwords_generate_audio":"","beyondwords_project_id":"","beyondwords_podcast_id":"","beyondwords_hash":"","beyondwords_error_message":"","beyondwords_disabled":"","publish_post_to_speechkit":"","speechkit_generate_audio":"","speechkit_project_id":"","speechkit_podcast_id":"","speechkit_hash":"","speechkit_error_message":"","speechkit_disabled":"","speechkit_access_key":"","speechkit_error":"","speechkit_info":"","speechkit_response":"","speechkit_retries":"","_speechkit_link":"","_speechkit_text":""},"categories":[51],"tags":[7887,82,1841,44,8844,692,5522,8496,613,59,1030,9009],"jetpack_featured_media_url":"","_links":{"self":[{"href":"https:\/\/pinews.com.br\/index.php\/wp-json\/wp\/v2\/posts\/25976"}],"collection":[{"href":"https:\/\/pinews.com.br\/index.php\/wp-json\/wp\/v2\/posts"}],"about":[{"href":"https:\/\/pinews.com.br\/index.php\/wp-json\/wp\/v2\/types\/post"}],"author":[{"embeddable":true,"href":"https:\/\/pinews.com.br\/index.php\/wp-json\/wp\/v2\/users\/1"}],"replies":[{"embeddable":true,"href":"https:\/\/pinews.com.br\/index.php\/wp-json\/wp\/v2\/comments?post=25976"}],"version-history":[{"count":0,"href":"https:\/\/pinews.com.br\/index.php\/wp-json\/wp\/v2\/posts\/25976\/revisions"}],"wp:featuredmedia":[{"embeddable":true,"href":"https:\/\/pinews.com.br\/index.php\/wp-json\/"}],"wp:attachment":[{"href":"https:\/\/pinews.com.br\/index.php\/wp-json\/wp\/v2\/media?parent=25976"}],"wp:term":[{"taxonomy":"category","embeddable":true,"href":"https:\/\/pinews.com.br\/index.php\/wp-json\/wp\/v2\/categories?post=25976"},{"taxonomy":"post_tag","embeddable":true,"href":"https:\/\/pinews.com.br\/index.php\/wp-json\/wp\/v2\/tags?post=25976"}],"curies":[{"name":"wp","href":"https:\/\/api.w.org\/{rel}","templated":true}]}}