{"id":25992,"date":"2021-09-01T12:09:41","date_gmt":"2021-09-01T15:09:41","guid":{"rendered":"https:\/\/pinews.com.br\/?p=25992"},"modified":"2021-09-01T12:09:41","modified_gmt":"2021-09-01T15:09:41","slug":"taxa-para-emissao-de-cnh-tera-reajuste-de-ate-30-no-piaui","status":"publish","type":"post","link":"https:\/\/pinews.com.br\/index.php\/2021\/09\/01\/taxa-para-emissao-de-cnh-tera-reajuste-de-ate-30-no-piaui\/","title":{"rendered":"Taxa para emiss\u00e3o de CNH ter\u00e1 reajuste de at\u00e9 30% no Piau\u00ed"},"content":{"rendered":"\n<p>A taxa para emiss\u00e3o da Carteira Nacional de Habilita\u00e7\u00e3o (CNH) ficar\u00e1 mais cara no Piau\u00ed a partir deste m\u00eas de setembro.&nbsp;O reajuste ser\u00e1 de 12 a 30%.&nbsp;Os donos de autoescolas alegaram dificuldades financeiras para a manuten\u00e7\u00e3o e abastecimento dos ve\u00edculos e, por isso, ocorreu o aumento no valor da taxa.<\/p>\n\n\n\n<p>Agora,&nbsp;as pessoas que quiserem tirar a CNH ir\u00e3o gastar em torno de R$ 1.700,00, incluindo esta nova taxa. Segundo Daniel Tavares, do Centro de Forma\u00e7\u00e3o de Condutores em&nbsp;<a href=\"https:\/\/g1.globo.com\/pi\/piaui\/cidade\/floriano\/\">Floriano<\/a>, a tarifa n\u00e3o sofre reajuste h\u00e1 10 anos.<\/p>\n\n\n\n<p>\u201cInfelizmente, devido aos constantes aumentos, principalmente em rela\u00e7\u00e3o ao nosso insumo primordial que \u00e9 o combust\u00edvel, que j\u00e1 passou de 52% nos \u00faltimos 12 meses, n\u00e3o \u00e9 mais poss\u00edvel manter o mesmo valor\u201d, argumentou.<\/p>\n\n\n\n<p>Somente neste ano, o pre\u00e7o do combust\u00edvel no estado subiu nove vezes. Teresina, por exemplo, \u00e9 a capital com a gasolina mais cara do Nordeste, com o pre\u00e7o m\u00e9dio de R$ 6,47, de acordo com a pesquisa do Sistema de Levantamento de Pre\u00e7os da Ag\u00eancia Nacional de Petr\u00f3leo (ANP).<\/p>\n\n\n\n<p>\u201cO pre\u00e7o do ve\u00edculo aumentou como do combust\u00edvel. Ele aumenta toda semana, praticamente\u201d, comentou Julimar Mesquita, dono de uma autoescola.<\/p>\n\n\n\n<p><strong>Fonte: G1 PI<\/strong><\/p>\n","protected":false},"excerpt":{"rendered":"<p>A taxa para emiss\u00e3o da Carteira Nacional de Habilita\u00e7\u00e3o (CNH) ficar\u00e1 mais cara no Piau\u00ed a partir deste m\u00eas de setembro.&nbsp;O reajuste ser\u00e1 de 12 a 30%.&nbsp;Os donos de autoescolas alegaram dificuldades financeiras para a manuten\u00e7\u00e3o e abastecimento dos ve\u00edculos e, por isso, ocorreu o aumento no valor da taxa. Agora,&nbsp;as pessoas que quiserem tirar [&hellip;]<\/p>\n","protected":false},"author":1,"featured_media":25993,"comment_status":"open","ping_status":"open","sticky":false,"template":"","format":"standard","meta":{"beyondwords_generate_audio":"","beyondwords_project_id":"","beyondwords_podcast_id":"","beyondwords_hash":"","beyondwords_error_message":"","beyondwords_disabled":"","publish_post_to_speechkit":"","speechkit_generate_audio":"","speechkit_project_id":"","speechkit_podcast_id":"","speechkit_hash":"","speechkit_error_message":"","speechkit_disabled":"","speechkit_access_key":"","speechkit_error":"","speechkit_info":"","speechkit_response":"","speechkit_retries":"","_speechkit_link":"","_speechkit_text":""},"categories":[51],"tags":[780,815,1029,44,8958,350,52,519,7943,5437],"jetpack_featured_media_url":"","_links":{"self":[{"href":"https:\/\/pinews.com.br\/index.php\/wp-json\/wp\/v2\/posts\/25992"}],"collection":[{"href":"https:\/\/pinews.com.br\/index.php\/wp-json\/wp\/v2\/posts"}],"about":[{"href":"https:\/\/pinews.com.br\/index.php\/wp-json\/wp\/v2\/types\/post"}],"author":[{"embeddable":true,"href":"https:\/\/pinews.com.br\/index.php\/wp-json\/wp\/v2\/users\/1"}],"replies":[{"embeddable":true,"href":"https:\/\/pinews.com.br\/index.php\/wp-json\/wp\/v2\/comments?post=25992"}],"version-history":[{"count":0,"href":"https:\/\/pinews.com.br\/index.php\/wp-json\/wp\/v2\/posts\/25992\/revisions"}],"wp:featuredmedia":[{"embeddable":true,"href":"https:\/\/pinews.com.br\/index.php\/wp-json\/"}],"wp:attachment":[{"href":"https:\/\/pinews.com.br\/index.php\/wp-json\/wp\/v2\/media?parent=25992"}],"wp:term":[{"taxonomy":"category","embeddable":true,"href":"https:\/\/pinews.com.br\/index.php\/wp-json\/wp\/v2\/categories?post=25992"},{"taxonomy":"post_tag","embeddable":true,"href":"https:\/\/pinews.com.br\/index.php\/wp-json\/wp\/v2\/tags?post=25992"}],"curies":[{"name":"wp","href":"https:\/\/api.w.org\/{rel}","templated":true}]}}