{"id":26012,"date":"2021-09-01T19:27:18","date_gmt":"2021-09-01T22:27:18","guid":{"rendered":"https:\/\/pinews.com.br\/?p=26012"},"modified":"2021-09-01T19:27:18","modified_gmt":"2021-09-01T22:27:18","slug":"arvores-plantadas-em-homenagem-as-vitimas-da-covid-19-sao-furtadas-no-sul-do-piaui","status":"publish","type":"post","link":"https:\/\/pinews.com.br\/index.php\/2021\/09\/01\/arvores-plantadas-em-homenagem-as-vitimas-da-covid-19-sao-furtadas-no-sul-do-piaui\/","title":{"rendered":"\u00c1rvores plantadas em homenagem \u00e0s v\u00edtimas da Covid-19 s\u00e3o furtadas no Sul do Piau\u00ed"},"content":{"rendered":"\n<p>\u00c1rvores plantadas em homenagem \u00e0s v\u00edtimas da Covid-19 em S\u00e3o Raimundo Nonato, no Sul do Piau\u00ed, foram furtadas nessa ter\u00e7a-feira (31), de acordo com a prefeitura do munic\u00edpio. O crime aconteceu ap\u00f3s a inaugura\u00e7\u00e3o do Projeto Parque Recordar, do Governo do Piau\u00ed.<\/p>\n\n\n\n<p>A Pol\u00edcia Militar de S\u00e3o Raimundo Nonato informou que o caso foi atendido pelo Batalh\u00e3o Ambiental. A Secretaria Estadual do Meio Ambiente e Recursos H\u00eddricos (Semar) informou ao&nbsp;<strong>G1<\/strong>&nbsp;que tomou conhecimento do caso e vai iniciar os procedimentos cab\u00edveis.<\/p>\n\n\n\n<p>Nesta quarta-feira (1\u00ba), a Prefeitura iniciou um levantamento para identificar quantas \u00e1rvores foram removidas.<\/p>\n\n\n\n<figure class=\"wp-block-image\"><img decoding=\"async\" src=\"https:\/\/s2.glbimg.com\/FQMG17UsxGJpy9QPFJSMHDTbCdE=\/0x0:1080x840\/984x0\/smart\/filters:strip_icc()\/i.s3.glbimg.com\/v1\/AUTH_59edd422c0c84a879bd37670ae4f538a\/internal_photos\/bs\/2021\/L\/P\/lhN6P3Se6MgyX7ul8pBg\/whatsapp-image-2021-09-01-at-13.10.52.jpeg\" alt=\"\u00c1rvores plantadas em homenagem \u00e0s v\u00edtimas da Covid-19 no Piau\u00ed \u2014 Foto: Divulga\u00e7\u00e3o\/Prefeitura de S\u00e3o Raimundo Nonato\"\/><figcaption>\u00c1rvores plantadas em homenagem \u00e0s v\u00edtimas da Covid-19 no Piau\u00ed \u2014 Foto: Divulga\u00e7\u00e3o\/Prefeitura de S\u00e3o Raimundo Nonato<\/figcaption><\/figure>\n\n\n\n<p><strong>Confira a nota da Prefeitura de S\u00e3o Raimundo Nonato<\/strong><\/p>\n\n\n\n<p><em>A Prefeitura de S\u00e3o Raimundo Nonato por meio da Secretaria Municipal do Meio Ambiente vem a p\u00fablico tristemente informar que alguma das plantas em homenagem as v\u00edtimas da Covid-19 foram furtadas do Parque Recordar. Uma atitude lament\u00e1vel, que envergonha os cidad\u00e3os s\u00e3oraimundenses, uma vez que n\u00e3o respeitam nem a fam\u00edlia nem a mem\u00f3ria daqueles que n\u00e3o se encontram mais entre n\u00f3s.<\/em><\/p>\n\n\n\n<p><strong>Fonte: G1 PI<\/strong><\/p>\n","protected":false},"excerpt":{"rendered":"<p>\u00c1rvores plantadas em homenagem \u00e0s v\u00edtimas da Covid-19 em S\u00e3o Raimundo Nonato, no Sul do Piau\u00ed, foram furtadas nessa ter\u00e7a-feira (31), de acordo com a prefeitura do munic\u00edpio. O crime aconteceu ap\u00f3s a inaugura\u00e7\u00e3o do Projeto Parque Recordar, do Governo do Piau\u00ed. A Pol\u00edcia Militar de S\u00e3o Raimundo Nonato informou que o caso foi atendido [&hellip;]<\/p>\n","protected":false},"author":1,"featured_media":26013,"comment_status":"open","ping_status":"open","sticky":false,"template":"","format":"standard","meta":{"beyondwords_generate_audio":"","beyondwords_project_id":"","beyondwords_podcast_id":"","beyondwords_hash":"","beyondwords_error_message":"","beyondwords_disabled":"","publish_post_to_speechkit":"","speechkit_generate_audio":"","speechkit_project_id":"","speechkit_podcast_id":"","speechkit_hash":"","speechkit_error_message":"","speechkit_disabled":"","speechkit_access_key":"","speechkit_error":"","speechkit_info":"","speechkit_response":"","speechkit_retries":"","_speechkit_link":"","_speechkit_text":""},"categories":[51,78],"tags":[6284,623,5307,122,46,1656,7997,52,9014,362,120,240],"jetpack_featured_media_url":"","_links":{"self":[{"href":"https:\/\/pinews.com.br\/index.php\/wp-json\/wp\/v2\/posts\/26012"}],"collection":[{"href":"https:\/\/pinews.com.br\/index.php\/wp-json\/wp\/v2\/posts"}],"about":[{"href":"https:\/\/pinews.com.br\/index.php\/wp-json\/wp\/v2\/types\/post"}],"author":[{"embeddable":true,"href":"https:\/\/pinews.com.br\/index.php\/wp-json\/wp\/v2\/users\/1"}],"replies":[{"embeddable":true,"href":"https:\/\/pinews.com.br\/index.php\/wp-json\/wp\/v2\/comments?post=26012"}],"version-history":[{"count":0,"href":"https:\/\/pinews.com.br\/index.php\/wp-json\/wp\/v2\/posts\/26012\/revisions"}],"wp:featuredmedia":[{"embeddable":true,"href":"https:\/\/pinews.com.br\/index.php\/wp-json\/"}],"wp:attachment":[{"href":"https:\/\/pinews.com.br\/index.php\/wp-json\/wp\/v2\/media?parent=26012"}],"wp:term":[{"taxonomy":"category","embeddable":true,"href":"https:\/\/pinews.com.br\/index.php\/wp-json\/wp\/v2\/categories?post=26012"},{"taxonomy":"post_tag","embeddable":true,"href":"https:\/\/pinews.com.br\/index.php\/wp-json\/wp\/v2\/tags?post=26012"}],"curies":[{"name":"wp","href":"https:\/\/api.w.org\/{rel}","templated":true}]}}