{"id":26021,"date":"2021-09-02T10:52:39","date_gmt":"2021-09-02T13:52:39","guid":{"rendered":"https:\/\/pinews.com.br\/?p=26021"},"modified":"2021-09-02T10:52:39","modified_gmt":"2021-09-02T13:52:39","slug":"prf-inicia-operacao-independencia-em-todas-as-rodovias-federais-do-piaui","status":"publish","type":"post","link":"https:\/\/pinews.com.br\/index.php\/2021\/09\/02\/prf-inicia-operacao-independencia-em-todas-as-rodovias-federais-do-piaui\/","title":{"rendered":"PRF inicia Opera\u00e7\u00e3o Independ\u00eancia em todas as rodovias federais do Piau\u00ed"},"content":{"rendered":"\n<p>A Pol\u00edcia Rodovi\u00e1ria Federal (PRF) dar\u00e1 in\u00edcio a Opera\u00e7\u00e3o Independ\u00eancia 2020 em todo pa\u00eds a partir de&nbsp;00h00 desta sexta-feira (04\/09). No Piau\u00ed, a PRF promover\u00e1 o monitoramento dos indicadores acidentalidade e criminalidade, bem como o direcionamento de efetivo no policiamento ostensivo preventivo em locais e hor\u00e1rios de maior incid\u00eancia de acidentes graves e de criminalidade, para garantir aos usu\u00e1rios das rodovias federais seguran\u00e7a, conforto e fluidez do tr\u00e2nsito. Tamb\u00e9m haver\u00e1 aten\u00e7\u00e3o especial nas vias urbanas de grande fluxo de ve\u00edculos e nos corredores de tr\u00e1fego t\u00edpico de feriados.<\/p>\n\n\n\n<p>A PRF contar\u00e1 com policiamento em escalas suplementares como forma de intensificar a fiscaliza\u00e7\u00e3o nos pontos onde h\u00e1 maior probabilidade de cometimento de infra\u00e7\u00f5es de tr\u00e2nsito que podem gerar acidentes graves. Entre os focos da fiscaliza\u00e7\u00e3o, as equipes da PRF dever\u00e3o combater as infra\u00e7\u00f5es de Embriaguez ao Volante, Ultrapassagens em locais Proibidos, N\u00e3o Uso do Cinto de Seguran\u00e7a, N\u00e3o Uso do Capacete de Seguran\u00e7a e o Controle de Velocidade. O Tr\u00e2nsito de motocicletas tamb\u00e9m ser\u00e3o alvo de fiscaliza\u00e7\u00f5es espec\u00edficas da PRF durante os cinco dias da opera\u00e7\u00e3o, que termina \u00e0s 23h59 de ter\u00e7a-feira (08\/09).<\/p>\n\n\n\n<p>O pico de movimento na sa\u00edda para o feriado deve se concentrar entre o fim da tarde e in\u00edcio da noite de sexta-feira (04\/09) e na manh\u00e3 de s\u00e1bado (05\/09). O retorno deve ter um fluxo maior de ve\u00edculos durante a tarde e a noite de segunda-feira (07\/09), podendo se estender at\u00e9 ter\u00e7a-feira (08\/09), sendo mais acentuado nas rodovias que d\u00e3o acesso ao litoral.<\/p>\n\n\n\n<p><strong>Restri\u00e7\u00e3o de tr\u00e1fego<\/strong><\/p>\n\n\n\n<p>Ve\u00edculos de carga com dimens\u00f5es ou pesos excedentes estar\u00e3o impedidos de transitar em trechos de pista simples das 16h00 \u00e0s 22h00 de sexta-feira (04\/09), na manh\u00e3 de s\u00e1bado (05\/09), das 06h00 \u00e0s 12h00 e na tarde de segunda-feira (07\/09), das 16h00 \u00e0s 22h00.<\/p>\n\n\n\n<p><strong>Resultados<\/strong><\/p>\n\n\n\n<p>A divulga\u00e7\u00e3o do Resultado Operacional registrado durante a Opera\u00e7\u00e3o Independ\u00eancia 2020 est\u00e1 previsto para a quarta-feira(08) a partir das 08h00. N\u00e3o haver\u00e1 comparativo com o ano de 2019, haja vista a PRF n\u00e3o ter realizado essa a\u00e7\u00e3o.<\/p>\n\n\n\n<p><strong>Orienta\u00e7\u00f5es para uma viagem segura<\/strong><\/p>\n\n\n\n<p>Respeitar os limites de velocidade, manter dist\u00e2ncia de seguran\u00e7a em rela\u00e7\u00e3o aos demais ve\u00edculos, ultrapassar apenas quando houver plenas condi\u00e7\u00f5es de seguran\u00e7a e n\u00e3o desviar a aten\u00e7\u00e3o do tr\u00e2nsito. Estas s\u00e3o algumas das principais orienta\u00e7\u00f5es da Pol\u00edcia Rodovi\u00e1ria Federal para reduzir o risco de acidentes.<\/p>\n\n\n\n<p>A PRF tamb\u00e9m orienta os usu\u00e1rios de rodovias, mesmo antes de viagens curtas, a fazer uma revis\u00e3o preventiva do ve\u00edculo, o que inclui a checagem dos pneus, do sistema de ilumina\u00e7\u00e3o, dos equipamentos obrigat\u00f3rios, do n\u00edvel do \u00f3leo e do radiador, entre outros itens.<\/p>\n\n\n\n<p>Tamb\u00e9m \u00e9 fundamental planejar a viagem, buscando evitar, na medida do poss\u00edvel, os hor\u00e1rios de pico. Dirigir cansado ou com sono aumenta o risco de o motorista cometer erros. A cada tr\u00eas ou quatro horas de viagem, \u00e9 recomend\u00e1vel uma pausa para descanso ou revezar a dire\u00e7\u00e3o do ve\u00edculo.<\/p>\n\n\n\n<p>Eventuais paradas no acostamento devem ser feitas apenas em caso de emerg\u00eancia, com pisca-alerta ligado e tri\u00e2ngulo a pelo menos 30 metros do ve\u00edculo.<\/p>\n\n\n\n<p>O uso do cinto de seguran\u00e7a e da cadeirinha para crian\u00e7as \u00e9 imprescind\u00edvel \u2013 esses equipamentos podem fazer a diferen\u00e7a em caso de acidente.<\/p>\n\n\n\n<p>Em caso de restri\u00e7\u00e3o de visibilidade em raz\u00e3o de condi\u00e7\u00f5es clim\u00e1ticas desfavor\u00e1veis, a orienta\u00e7\u00e3o \u00e9 diminuir a velocidade, sem freadas bruscas; manter o farol baixo ligado (nunca usar farol alto); manter sempre uma dist\u00e2ncia segura em rela\u00e7\u00e3o ao ve\u00edculo que est\u00e1 \u00e0 frente; sinalizar qualquer mudan\u00e7a de dire\u00e7\u00e3o; n\u00e3o parar no acostamento (mas se precisar, procurar fazer o mais afastado poss\u00edvel da pista) e ap\u00f3s imobilizado, ligar o pisca-alerta; atravessar a cortina de fuma\u00e7a\/neblina somente em caso de visibilidade suficiente e sempre que visualizar focos de inc\u00eandios \u00e0s margens das rodovias federais, disque 191.<\/p>\n\n\n\n<p><strong>Fonte: Nucom \/ PRF &#8211; PI<\/strong><\/p>\n","protected":false},"excerpt":{"rendered":"<p>A Pol\u00edcia Rodovi\u00e1ria Federal (PRF) dar\u00e1 in\u00edcio a Opera\u00e7\u00e3o Independ\u00eancia 2020 em todo pa\u00eds a partir de&nbsp;00h00 desta sexta-feira (04\/09). No Piau\u00ed, a PRF promover\u00e1 o monitoramento dos indicadores acidentalidade e criminalidade, bem como o direcionamento de efetivo no policiamento ostensivo preventivo em locais e hor\u00e1rios de maior incid\u00eancia de acidentes graves e de criminalidade, [&hellip;]<\/p>\n","protected":false},"author":1,"featured_media":26022,"comment_status":"open","ping_status":"open","sticky":false,"template":"","format":"standard","meta":{"beyondwords_generate_audio":"","beyondwords_project_id":"","beyondwords_podcast_id":"","beyondwords_hash":"","beyondwords_error_message":"","beyondwords_disabled":"","publish_post_to_speechkit":"","speechkit_generate_audio":"","speechkit_project_id":"","speechkit_podcast_id":"","speechkit_hash":"","speechkit_error_message":"","speechkit_disabled":"","speechkit_access_key":"","speechkit_error":"","speechkit_info":"","speechkit_response":"","speechkit_retries":"","_speechkit_link":"","_speechkit_text":""},"categories":[51,78],"tags":[46,818,5154,5790,383,52,104,5496,6126],"jetpack_featured_media_url":"","_links":{"self":[{"href":"https:\/\/pinews.com.br\/index.php\/wp-json\/wp\/v2\/posts\/26021"}],"collection":[{"href":"https:\/\/pinews.com.br\/index.php\/wp-json\/wp\/v2\/posts"}],"about":[{"href":"https:\/\/pinews.com.br\/index.php\/wp-json\/wp\/v2\/types\/post"}],"author":[{"embeddable":true,"href":"https:\/\/pinews.com.br\/index.php\/wp-json\/wp\/v2\/users\/1"}],"replies":[{"embeddable":true,"href":"https:\/\/pinews.com.br\/index.php\/wp-json\/wp\/v2\/comments?post=26021"}],"version-history":[{"count":0,"href":"https:\/\/pinews.com.br\/index.php\/wp-json\/wp\/v2\/posts\/26021\/revisions"}],"wp:featuredmedia":[{"embeddable":true,"href":"https:\/\/pinews.com.br\/index.php\/wp-json\/"}],"wp:attachment":[{"href":"https:\/\/pinews.com.br\/index.php\/wp-json\/wp\/v2\/media?parent=26021"}],"wp:term":[{"taxonomy":"category","embeddable":true,"href":"https:\/\/pinews.com.br\/index.php\/wp-json\/wp\/v2\/categories?post=26021"},{"taxonomy":"post_tag","embeddable":true,"href":"https:\/\/pinews.com.br\/index.php\/wp-json\/wp\/v2\/tags?post=26021"}],"curies":[{"name":"wp","href":"https:\/\/api.w.org\/{rel}","templated":true}]}}