{"id":26066,"date":"2021-09-03T10:23:00","date_gmt":"2021-09-03T13:23:00","guid":{"rendered":"https:\/\/pinews.com.br\/?p=26066"},"modified":"2021-09-03T10:23:00","modified_gmt":"2021-09-03T13:23:00","slug":"parte-de-ambulancia-fica-embaixo-de-caminhao-e-deixa-tres-feridos-na-pi-113-norte-do-piaui","status":"publish","type":"post","link":"https:\/\/pinews.com.br\/index.php\/2021\/09\/03\/parte-de-ambulancia-fica-embaixo-de-caminhao-e-deixa-tres-feridos-na-pi-113-norte-do-piaui\/","title":{"rendered":"Parte de ambul\u00e2ncia fica embaixo de caminh\u00e3o e deixa tr\u00eas feridos na PI-113, Norte do Piau\u00ed"},"content":{"rendered":"\n<p>Uma colis\u00e3o entre um caminh\u00e3o de carga e uma ambul\u00e2ncia da Prefeitura de Barras, a 126 km de Teresina, deixou tr\u00eas pessoas feridas na tarde desta quinta-feira (2) na PI-113.<\/p>\n\n\n\n<p>A ambul\u00e2ncia se chocou com um dos pneus traseiros do caminh\u00e3o. Uma parte dela ficou embaixo do ve\u00edculo de carga.<\/p>\n\n\n\n<p>\u201cSegundo o condutor, quando ele entrava na rodovia chegou a visualizar a ambul\u00e2ncia na ponte em alta velocidade, mas n\u00e3o p\u00f4de parar\u201d, disse o tenente Batista J\u00fanior, da PM de Barras.<\/p>\n\n\n\n<p>O condutor da ambul\u00e2ncia reclamava de dores na cervical e foi levado por populares para o hospital da regi\u00e3o. Al\u00e9m dele, o paciente que estava no ve\u00edculo e que retornava de Teresina, e sua acompanhante, tamb\u00e9m sofreram ferimentos leves. Os dois foram socorridos por uma equipe do Grupo de Apoio Volunt\u00e1rios (GAV).<\/p>\n\n\n\n<p><strong>Fonte: G1 PI<\/strong><\/p>\n","protected":false},"excerpt":{"rendered":"<p>Uma colis\u00e3o entre um caminh\u00e3o de carga e uma ambul\u00e2ncia da Prefeitura de Barras, a 126 km de Teresina, deixou tr\u00eas pessoas feridas na tarde desta quinta-feira (2) na PI-113. A ambul\u00e2ncia se chocou com um dos pneus traseiros do caminh\u00e3o. Uma parte dela ficou embaixo do ve\u00edculo de carga. \u201cSegundo o condutor, quando ele [&hellip;]<\/p>\n","protected":false},"author":1,"featured_media":26067,"comment_status":"open","ping_status":"open","sticky":false,"template":"","format":"standard","meta":{"beyondwords_generate_audio":"","beyondwords_project_id":"","beyondwords_podcast_id":"","beyondwords_hash":"","beyondwords_error_message":"","beyondwords_disabled":"","publish_post_to_speechkit":"","speechkit_generate_audio":"","speechkit_project_id":"","speechkit_podcast_id":"","speechkit_hash":"","speechkit_error_message":"","speechkit_disabled":"","speechkit_access_key":"","speechkit_error":"","speechkit_info":"","speechkit_response":"","speechkit_retries":"","_speechkit_link":"","_speechkit_text":""},"categories":[51],"tags":[1940,188,44,252,7470,254,160,91,337,6465,5336,52,239],"jetpack_featured_media_url":"","_links":{"self":[{"href":"https:\/\/pinews.com.br\/index.php\/wp-json\/wp\/v2\/posts\/26066"}],"collection":[{"href":"https:\/\/pinews.com.br\/index.php\/wp-json\/wp\/v2\/posts"}],"about":[{"href":"https:\/\/pinews.com.br\/index.php\/wp-json\/wp\/v2\/types\/post"}],"author":[{"embeddable":true,"href":"https:\/\/pinews.com.br\/index.php\/wp-json\/wp\/v2\/users\/1"}],"replies":[{"embeddable":true,"href":"https:\/\/pinews.com.br\/index.php\/wp-json\/wp\/v2\/comments?post=26066"}],"version-history":[{"count":0,"href":"https:\/\/pinews.com.br\/index.php\/wp-json\/wp\/v2\/posts\/26066\/revisions"}],"wp:featuredmedia":[{"embeddable":true,"href":"https:\/\/pinews.com.br\/index.php\/wp-json\/"}],"wp:attachment":[{"href":"https:\/\/pinews.com.br\/index.php\/wp-json\/wp\/v2\/media?parent=26066"}],"wp:term":[{"taxonomy":"category","embeddable":true,"href":"https:\/\/pinews.com.br\/index.php\/wp-json\/wp\/v2\/categories?post=26066"},{"taxonomy":"post_tag","embeddable":true,"href":"https:\/\/pinews.com.br\/index.php\/wp-json\/wp\/v2\/tags?post=26066"}],"curies":[{"name":"wp","href":"https:\/\/api.w.org\/{rel}","templated":true}]}}