{"id":26103,"date":"2021-09-04T18:52:52","date_gmt":"2021-09-04T21:52:52","guid":{"rendered":"https:\/\/pinews.com.br\/?p=26103"},"modified":"2021-09-04T18:52:52","modified_gmt":"2021-09-04T21:52:52","slug":"justica-proibe-shows-e-festas-com-aglomeracao-em-cidade-no-interior-do-piaui","status":"publish","type":"post","link":"https:\/\/pinews.com.br\/index.php\/2021\/09\/04\/justica-proibe-shows-e-festas-com-aglomeracao-em-cidade-no-interior-do-piaui\/","title":{"rendered":"Justi\u00e7a pro\u00edbe shows e festas com aglomera\u00e7\u00e3o em cidade no interior do Piau\u00ed"},"content":{"rendered":"\n<p>A ju\u00edza da 1\u00aa Vara da Comarca de Barras, Melissa de Vasconcelos Lima Pessoa, proibiu a realiza\u00e7\u00e3o de com aglomera\u00e7\u00f5es na cidade de Barras no interior do Piau\u00ed, e determinou o refor\u00e7o na fiscaliza\u00e7\u00e3o para cumprimento da decis\u00e3o. A multa, em caso de descumprimento, varia de R$ 5 mil a R$ 100 mil.<\/p>\n\n\n\n<p>A decis\u00e3o ocorreu logo ap\u00f3s a\u00e7\u00e3o civil do Minist\u00e9rio P\u00fablico do Piau\u00ed (MP-PI) que tomou conhecimento, atrav\u00e9s das redes sociais, acerca da promo\u00e7\u00e3o de diversos eventos previstos para acontecer no munic\u00edpio, nos primeiros dias do m\u00eas de setembro. Com isso, eventos previstos, em pelo menos, seis bares e restaurantes n\u00e3o poder\u00e3o ser realizados. Nesta sexta-feira (03), o MP tamb\u00e9m cobrou a\u00e7\u00f5es efetivas na Capital para coibir festas clandestinas e eventos que desrespeitem o decreto estadual.<\/p>\n\n\n\n<p>&#8220;Os eventos representam risco concreto de descumprimento \u00e0s normas vigentes sobre pol\u00edtica de combate \u00e0 Covid-19 e preju\u00edzo \u00e0 sa\u00fade p\u00fablica, uma vez que que h\u00e1 claros ind\u00edcios de que os eventos pretendem recepcionar grande p\u00fablico, apresentando risco de dissemina\u00e7\u00e3o e contradizendo com as exig\u00eancias e restri\u00e7\u00f5es sanit\u00e1rias que o momento ainda imp\u00f5e&#8221;, destaca o promotor de Justi\u00e7a Gl\u00e9cio Paulino Setubal da Cunha e Silva, titular da 2\u00aa PJ de Barras.&nbsp;<\/p>\n\n\n\n<p>Pelo decreto estadual vigente est\u00e3o suspensas a realiza\u00e7\u00e3o de festas ou eventos em ambientes abertos ou fechados, promovidos por entes p\u00fablicos ou pela iniciativa privada das atividades que envolvam aglomera\u00e7\u00e3o.<\/p>\n\n\n\n<p>Na decis\u00e3o, a Justi\u00e7a determinou ainda a anula\u00e7\u00e3o e revoga\u00e7\u00e3o de eventuais autoriza\u00e7\u00f5es concedidas aos promotores de eventos para realiza\u00e7\u00e3o de shows e festas<\/p>\n\n\n\n<p><br><strong>Fonte: Graciane Sousa\/ Cidade Verde<\/strong><\/p>\n","protected":false},"excerpt":{"rendered":"<p>A ju\u00edza da 1\u00aa Vara da Comarca de Barras, Melissa de Vasconcelos Lima Pessoa, proibiu a realiza\u00e7\u00e3o de com aglomera\u00e7\u00f5es na cidade de Barras no interior do Piau\u00ed, e determinou o refor\u00e7o na fiscaliza\u00e7\u00e3o para cumprimento da decis\u00e3o. A multa, em caso de descumprimento, varia de R$ 5 mil a R$ 100 mil. A decis\u00e3o [&hellip;]<\/p>\n","protected":false},"author":1,"featured_media":26104,"comment_status":"open","ping_status":"open","sticky":false,"template":"","format":"standard","meta":{"beyondwords_generate_audio":"","beyondwords_project_id":"","beyondwords_podcast_id":"","beyondwords_hash":"","beyondwords_error_message":"","beyondwords_disabled":"","publish_post_to_speechkit":"","speechkit_generate_audio":"","speechkit_project_id":"","speechkit_podcast_id":"","speechkit_hash":"","speechkit_error_message":"","speechkit_disabled":"","speechkit_access_key":"","speechkit_error":"","speechkit_info":"","speechkit_response":"","speechkit_retries":"","_speechkit_link":"","_speechkit_text":""},"categories":[51],"tags":[2999,63,46,6939,716,1097,52,5951,461],"jetpack_featured_media_url":"","_links":{"self":[{"href":"https:\/\/pinews.com.br\/index.php\/wp-json\/wp\/v2\/posts\/26103"}],"collection":[{"href":"https:\/\/pinews.com.br\/index.php\/wp-json\/wp\/v2\/posts"}],"about":[{"href":"https:\/\/pinews.com.br\/index.php\/wp-json\/wp\/v2\/types\/post"}],"author":[{"embeddable":true,"href":"https:\/\/pinews.com.br\/index.php\/wp-json\/wp\/v2\/users\/1"}],"replies":[{"embeddable":true,"href":"https:\/\/pinews.com.br\/index.php\/wp-json\/wp\/v2\/comments?post=26103"}],"version-history":[{"count":0,"href":"https:\/\/pinews.com.br\/index.php\/wp-json\/wp\/v2\/posts\/26103\/revisions"}],"wp:featuredmedia":[{"embeddable":true,"href":"https:\/\/pinews.com.br\/index.php\/wp-json\/"}],"wp:attachment":[{"href":"https:\/\/pinews.com.br\/index.php\/wp-json\/wp\/v2\/media?parent=26103"}],"wp:term":[{"taxonomy":"category","embeddable":true,"href":"https:\/\/pinews.com.br\/index.php\/wp-json\/wp\/v2\/categories?post=26103"},{"taxonomy":"post_tag","embeddable":true,"href":"https:\/\/pinews.com.br\/index.php\/wp-json\/wp\/v2\/tags?post=26103"}],"curies":[{"name":"wp","href":"https:\/\/api.w.org\/{rel}","templated":true}]}}