{"id":26154,"date":"2021-09-06T17:45:06","date_gmt":"2021-09-06T20:45:06","guid":{"rendered":"https:\/\/pinews.com.br\/?p=26154"},"modified":"2021-09-06T17:45:06","modified_gmt":"2021-09-06T20:45:06","slug":"bombeiros-percorrem-ate-4-km-a-pe-para-chegar-a-incendio-aeronave-e-acionada","status":"publish","type":"post","link":"https:\/\/pinews.com.br\/index.php\/2021\/09\/06\/bombeiros-percorrem-ate-4-km-a-pe-para-chegar-a-incendio-aeronave-e-acionada\/","title":{"rendered":"Bombeiros percorrem at\u00e9 4 km a p\u00e9 para chegar a inc\u00eandio; aeronave \u00e9 acionada"},"content":{"rendered":"\n<p>Uma aeronave da Secretaria de Seguran\u00e7a P\u00fablica do Cear\u00e1 deve auxiliar no combate ao inc\u00eandio, que j\u00e1 dura mais de dez dias, em regi\u00e3o de mata entre o Piau\u00ed e o vizinho estado. Drones t\u00eam sido usados para monitorar a \u00e1rea e auxiliar na estrat\u00e9gia para conter as chamas. Nesta segunda-feira (06), o trabalho das equipes teve in\u00edcio ainda durante a madrugada e mais efetivo do Corpo de Bombeiros do Piau\u00ed e motocicletas ser\u00e3o enviados para o local.<\/p>\n\n\n\n<p>&#8220;Estamos tentando acionar uma areonave da Seguran\u00e7a P\u00fablica do Cear\u00e1 que ser\u00e1 \u00fatil para lan\u00e7ar \u00e1gua e tamb\u00e9m para transportar a equipe para uma \u00e1rea que n\u00e3o temos acesso&#8221;, explica o tenente-coronel Jo\u00e3o Costa, comandante de opera\u00e7\u00f5es do Corpo de Bombeiros<\/p>\n\n\n\n<p>A mata seca, os ventos de at\u00e9 18 km\/h e o dif\u00edcil acesso t\u00eam dificultado o trabalho das equipes que t\u00eam percorrido at\u00e9 4 km a p\u00e9 e com equipamentos.&nbsp;<\/p>\n\n\n\n<p>&#8220;A gente consegue fazer parte do trajeto nas viaturas, mas outra parte tem que ser a p\u00e9, o que \u00e9 em m\u00e9dia 3 a 4 km a p\u00e9 e com equipamentos. Uma mochila com 22 litros, sopradores e outros equipamentos, um peso que dificulta mais. Hoje estamos enviando mais uma equipe e motos que v\u00e3o ajudar levar nossos equipamentos&#8221;, explica o tenente-coronel.&nbsp;<\/p>\n\n\n\n<p>No \u00faltimo levantamento via sat\u00e9lite, o fogo j\u00e1 tinha consumido 18. 620 hectares de \u00e1rea, o equivalente a 18 mil campos&nbsp; de futebol.&nbsp;<\/p>\n\n\n\n<p>Equipes do Corpo de Bombeiros, Instituto Chico Mendes de Conserva\u00e7\u00e3o da Biodiversidade (ICMBio), PrevFogo e das prefeituras de Milton Brand\u00e3o e Buriti dos Montes auxiliam no combate ao fogo.&nbsp;<\/p>\n\n\n\n<p>&#8220;Essas prefeituras t\u00eam dado o apoio log\u00edstico e material. J\u00e1 a Secretaria de Estado do Meio Ambiente (Semar) tem disponibilizado os drones, equipamentos e t\u00e9cnicos. Essa integra\u00e7\u00e3o \u00e9 fundamental. \u00c0s noites, por exemplo, a Semar lan\u00e7a os drones e conseguimos ver a linha de fogo com maiores detalhes&#8221;, explica o tenente-coronel.&nbsp;<\/p>\n\n\n\n<p>O fogo teria come\u00e7ado na cidade de Poranga-CE no \u00faltimo dia 23 e chegado ao Piau\u00ed no dia 27.<\/p>\n\n\n\n<p>&#8220;A gente tem feito aceiros de at\u00e9 5 km de largura, mas temos informa\u00e7\u00f5es que focos que j\u00e1 t\u00ednhamos apagado, retornaram. Isso porque a vegeta\u00e7\u00e3o \u00e9 muita seca e os ventos s\u00e3o muito fortes&#8221;, pontua o militar dos Bombeiros.&nbsp;<\/p>\n\n\n\n<p><strong>FOGO AMEA\u00c7A COMUNIDADES<\/strong><\/p>\n\n\n\n<p>Nas comunidades amea\u00e7adas pelo fogo, propriet\u00e1rios tiveram que levar o gado para uma \u00e1rea segura.&nbsp;<\/p>\n\n\n\n<p>&#8220;Quando os moradores percebem que o fogo est\u00e1 indo na dire\u00e7\u00e3o deles, eles entram em contato com a gente e damos o suporte necess\u00e1rio&#8221;, completa o comandante de opera\u00e7\u00f5es.&nbsp;<\/p>\n\n\n\n<p>No momento, as comunidades com maior risco s\u00e3o Bom Princ\u00edpio e Cantanduvas, na cidade de Milton Brand\u00e3o; e Concei\u00e7\u00e3o dos Marreiros, em Buriti dos Montes. <\/p>\n\n\n\n<p><strong>Fonte: Graciane Sousa\/ Cidade Verde<\/strong><\/p>\n","protected":false},"excerpt":{"rendered":"<p>Uma aeronave da Secretaria de Seguran\u00e7a P\u00fablica do Cear\u00e1 deve auxiliar no combate ao inc\u00eandio, que j\u00e1 dura mais de dez dias, em regi\u00e3o de mata entre o Piau\u00ed e o vizinho estado. Drones t\u00eam sido usados para monitorar a \u00e1rea e auxiliar na estrat\u00e9gia para conter as chamas. Nesta segunda-feira (06), o trabalho das [&hellip;]<\/p>\n","protected":false},"author":1,"featured_media":26155,"comment_status":"open","ping_status":"open","sticky":false,"template":"","format":"standard","meta":{"beyondwords_generate_audio":"","beyondwords_project_id":"","beyondwords_podcast_id":"","beyondwords_hash":"","beyondwords_error_message":"","beyondwords_disabled":"","publish_post_to_speechkit":"","speechkit_generate_audio":"","speechkit_project_id":"","speechkit_podcast_id":"","speechkit_hash":"","speechkit_error_message":"","speechkit_disabled":"","speechkit_access_key":"","speechkit_error":"","speechkit_info":"","speechkit_response":"","speechkit_retries":"","_speechkit_link":"","_speechkit_text":""},"categories":[134],"tags":[6363,9049,815,1082,5975,72,547,6346,350,306,9050],"jetpack_featured_media_url":"","_links":{"self":[{"href":"https:\/\/pinews.com.br\/index.php\/wp-json\/wp\/v2\/posts\/26154"}],"collection":[{"href":"https:\/\/pinews.com.br\/index.php\/wp-json\/wp\/v2\/posts"}],"about":[{"href":"https:\/\/pinews.com.br\/index.php\/wp-json\/wp\/v2\/types\/post"}],"author":[{"embeddable":true,"href":"https:\/\/pinews.com.br\/index.php\/wp-json\/wp\/v2\/users\/1"}],"replies":[{"embeddable":true,"href":"https:\/\/pinews.com.br\/index.php\/wp-json\/wp\/v2\/comments?post=26154"}],"version-history":[{"count":0,"href":"https:\/\/pinews.com.br\/index.php\/wp-json\/wp\/v2\/posts\/26154\/revisions"}],"wp:featuredmedia":[{"embeddable":true,"href":"https:\/\/pinews.com.br\/index.php\/wp-json\/"}],"wp:attachment":[{"href":"https:\/\/pinews.com.br\/index.php\/wp-json\/wp\/v2\/media?parent=26154"}],"wp:term":[{"taxonomy":"category","embeddable":true,"href":"https:\/\/pinews.com.br\/index.php\/wp-json\/wp\/v2\/categories?post=26154"},{"taxonomy":"post_tag","embeddable":true,"href":"https:\/\/pinews.com.br\/index.php\/wp-json\/wp\/v2\/tags?post=26154"}],"curies":[{"name":"wp","href":"https:\/\/api.w.org\/{rel}","templated":true}]}}