{"id":26191,"date":"2021-09-07T11:58:49","date_gmt":"2021-09-07T14:58:49","guid":{"rendered":"https:\/\/pinews.com.br\/?p=26191"},"modified":"2021-09-07T11:58:49","modified_gmt":"2021-09-07T14:58:49","slug":"governo-reduz-temporariamente-porcentagem-de-biodiesel-no-oleo-diesel","status":"publish","type":"post","link":"https:\/\/pinews.com.br\/index.php\/2021\/09\/07\/governo-reduz-temporariamente-porcentagem-de-biodiesel-no-oleo-diesel\/","title":{"rendered":"Governo reduz temporariamente porcentagem de biodiesel no \u00f3leo diesel"},"content":{"rendered":"\n<p>O Conselho Nacional de Pol\u00edtica Energ\u00e9tica (CNPE), do Minist\u00e9rio de Minas e Energia (MME), aprovou hoje (6), por unanimidade, a redu\u00e7\u00e3o do teor de mistura obrigat\u00f3ria do biodiesel no \u00f3leo diesel de 13% para 10%. A mudan\u00e7a vale para o 82\u00ba Leil\u00e3o de Biodiesel, destinado ao suprimento dos meses de novembro e dezembro de 2021.<img decoding=\"async\" src=\"https:\/\/agenciabrasil.ebc.com.br\/ebc.png?id=1420850&amp;o=node\"><img decoding=\"async\" src=\"https:\/\/agenciabrasil.ebc.com.br\/ebc.gif?id=1420850&amp;o=node\"><\/p>\n\n\n\n<p>Segundo o minist\u00e9rio, a redu\u00e7\u00e3o \u00e9 necess\u00e1ria para evitar poss\u00edveis impactos para o consumidor e reflexos em setores como o de transporte p\u00fablico e de mercadorias, al\u00e9m de atividades agr\u00edcolas e gera\u00e7\u00e3o de energia, por exemplo.<\/p>\n\n\n\n<p>Em sua justificativa, o minist\u00e9rio explica que o biodiesel brasileiro tem no \u00f3leo de soja sua maior parcela de mat\u00e9ria-prima, com cerca de 71%, sendo o restante oriundo de sebo bovino e outros \u00f3leos. Por isso, o minist\u00e9rio entendeu ser necess\u00e1ria a medida.<\/p>\n\n\n\n<p>De acordo com a pasta, a decis\u00e3o do CNPE de redu\u00e7\u00e3o do teor de biodiesel na mistura \u00e9 moment\u00e2nea e temporal. A pasta espera \u201cem breve, com as condi\u00e7\u00f5es adequadas\u201d, o aumento da produ\u00e7\u00e3o e uso dos biocombust\u00edveis no Brasil.<\/p>\n\n\n\n<p><strong>Fonte: Ag\u00eancia Brasil<\/strong><\/p>\n","protected":false},"excerpt":{"rendered":"<p>O Conselho Nacional de Pol\u00edtica Energ\u00e9tica (CNPE), do Minist\u00e9rio de Minas e Energia (MME), aprovou hoje (6), por unanimidade, a redu\u00e7\u00e3o do teor de mistura obrigat\u00f3ria do biodiesel no \u00f3leo diesel de 13% para 10%. A mudan\u00e7a vale para o 82\u00ba Leil\u00e3o de Biodiesel, destinado ao suprimento dos meses de novembro e dezembro de 2021. [&hellip;]<\/p>\n","protected":false},"author":1,"featured_media":26192,"comment_status":"open","ping_status":"open","sticky":false,"template":"","format":"standard","meta":{"beyondwords_generate_audio":"","beyondwords_project_id":"","beyondwords_podcast_id":"","beyondwords_hash":"","beyondwords_error_message":"","beyondwords_disabled":"","publish_post_to_speechkit":"","speechkit_generate_audio":"","speechkit_project_id":"","speechkit_podcast_id":"","speechkit_hash":"","speechkit_error_message":"","speechkit_disabled":"","speechkit_access_key":"","speechkit_error":"","speechkit_info":"","speechkit_response":"","speechkit_retries":"","_speechkit_link":"","_speechkit_text":""},"categories":[516,134],"tags":[6256,44,1890,458,1660,9055,5829,9056],"jetpack_featured_media_url":"","_links":{"self":[{"href":"https:\/\/pinews.com.br\/index.php\/wp-json\/wp\/v2\/posts\/26191"}],"collection":[{"href":"https:\/\/pinews.com.br\/index.php\/wp-json\/wp\/v2\/posts"}],"about":[{"href":"https:\/\/pinews.com.br\/index.php\/wp-json\/wp\/v2\/types\/post"}],"author":[{"embeddable":true,"href":"https:\/\/pinews.com.br\/index.php\/wp-json\/wp\/v2\/users\/1"}],"replies":[{"embeddable":true,"href":"https:\/\/pinews.com.br\/index.php\/wp-json\/wp\/v2\/comments?post=26191"}],"version-history":[{"count":0,"href":"https:\/\/pinews.com.br\/index.php\/wp-json\/wp\/v2\/posts\/26191\/revisions"}],"wp:featuredmedia":[{"embeddable":true,"href":"https:\/\/pinews.com.br\/index.php\/wp-json\/"}],"wp:attachment":[{"href":"https:\/\/pinews.com.br\/index.php\/wp-json\/wp\/v2\/media?parent=26191"}],"wp:term":[{"taxonomy":"category","embeddable":true,"href":"https:\/\/pinews.com.br\/index.php\/wp-json\/wp\/v2\/categories?post=26191"},{"taxonomy":"post_tag","embeddable":true,"href":"https:\/\/pinews.com.br\/index.php\/wp-json\/wp\/v2\/tags?post=26191"}],"curies":[{"name":"wp","href":"https:\/\/api.w.org\/{rel}","templated":true}]}}