{"id":26205,"date":"2021-09-07T19:17:41","date_gmt":"2021-09-07T22:17:41","guid":{"rendered":"https:\/\/pinews.com.br\/?p=26205"},"modified":"2021-09-07T19:17:41","modified_gmt":"2021-09-07T22:17:41","slug":"piaui-e-o-maior-exportador-de-mel-do-brasil-em-2021-quase-30-do-total-do-pais","status":"publish","type":"post","link":"https:\/\/pinews.com.br\/index.php\/2021\/09\/07\/piaui-e-o-maior-exportador-de-mel-do-brasil-em-2021-quase-30-do-total-do-pais\/","title":{"rendered":"Piau\u00ed \u00e9 o maior exportador de mel do Brasil em 2021; quase 30% do total do pa\u00eds"},"content":{"rendered":"\n<p>De acordo com um levantamento do Minist\u00e9rio da Sa\u00fade, o Piau\u00ed \u00e9 o maior exportador de mel do Brasil. O estudo leva em conta os n\u00fameros de exporta\u00e7\u00e3o registrados entre janeiro e agosto de 2021, em compara\u00e7\u00e3o com o mesmo per\u00edodo do ano passado.<\/p>\n\n\n\n<p>Segundo o Minist\u00e9rio da Economia, entre janeiro e agosto de 2021, o Piau\u00ed realizou 29,1% das exporta\u00e7\u00f5es de mel do pa\u00eds. Os estados concorrentes do Piau\u00ed no setor, Santa Catarina e Paran\u00e1, realizaram, respectivamente, 22,8% e 20,3% das exporta\u00e7\u00f5es no mesmo per\u00edodo.<\/p>\n\n\n\n<figure class=\"wp-block-image\"><img decoding=\"async\" src=\"https:\/\/s2.glbimg.com\/VDoFWbyC2Z-cnH3VbCtwDXiiH1A=\/0x0:1013x639\/984x0\/smart\/filters:strip_icc()\/i.s3.glbimg.com\/v1\/AUTH_59edd422c0c84a879bd37670ae4f538a\/internal_photos\/bs\/2021\/C\/f\/kWoblfTAC4J33JBXinmQ\/expo-2021.png\" alt=\"Piau\u00ed ultrapassa Santa Catarina e \u00e9 o maior exportador de mel do Brasil em 2021 \u2014 Foto: Minist\u00e9rio da Economia - ComexVis\"\/><figcaption>Piau\u00ed ultrapassa Santa Catarina e \u00e9 o maior exportador de mel do Brasil em 2021 \u2014 Foto: Minist\u00e9rio da Economia &#8211; ComexVis<\/figcaption><\/figure>\n\n\n\n<p>Esta \u00e9 a primeira vez que o Piau\u00ed lidera o ranking de exporta\u00e7\u00e3o de mel em 5 anos. No primeiro semestre de 2017, o Piau\u00ed movimentou US$15,4 milh\u00f5es em exporta\u00e7\u00f5es de mel, enquanto Santa Catarina movimentou US$ 11,3 milh\u00f5es.<\/p>\n\n\n\n<p>Em 2018 os dois estados registraram volume bastante semelhante de exporta\u00e7\u00f5es (Piau\u00ed: US$ 9,09 milh\u00f5es; Santa Catarina: US$ 9,01 milh\u00f5es). Em 2019 e 2020, Santa Catarina superou o Piau\u00ed.<\/p>\n\n\n\n<p>Ainda segundo do Minist\u00e9rio da Sa\u00fade, a exporta\u00e7\u00e3o de mel rendeu US$ 37,5 milh\u00f5es em 2021. O valor \u00e9 o maior dos \u00faltimos 5 anos para o per\u00edodo de Janeiro a Agosto.<\/p>\n\n\n\n<figure class=\"wp-block-image\"><img decoding=\"async\" src=\"https:\/\/s2.glbimg.com\/9xDbvicsIA6mM5K3rPWJFJ3b1sM=\/0x0:946x414\/984x0\/smart\/filters:strip_icc()\/i.s3.glbimg.com\/v1\/AUTH_59edd422c0c84a879bd37670ae4f538a\/internal_photos\/bs\/2021\/i\/L\/FWvss0Td6Ur75yej9AmA\/mel1.png\" alt=\"Piau\u00ed ultrapassa Santa Catarina e \u00e9 o maior exportador de mel do Brasil em 2021 \u2014 Foto: Minist\u00e9rio da Economia - ComexVis\"\/><figcaption>Piau\u00ed ultrapassa Santa Catarina e \u00e9 o maior exportador de mel do Brasil em 2021 \u2014 Foto: Minist\u00e9rio da Economia &#8211; ComexVis<\/figcaption><\/figure>\n\n\n\n<p>O volume representa 6,2% das exporta\u00e7\u00f5es feitas pelo Piau\u00ed. O maior produto exporta\u00e7\u00e3o do Piau\u00ed continua sendo a soja, que corresponde a 81% das exporta\u00e7\u00f5es.<\/p>\n\n\n\n<p>Ainda segundo o levantamento, o Piau\u00ed subiu uma posi\u00e7\u00e3o no ranking de exporta\u00e7\u00f5es, e \u00e9 o 18\u00ba estado que mais exportou em 2021, e gerou US$ 604,9 milh\u00f5es. As exporta\u00e7\u00f5es do Piau\u00ed representam 0,3% do volume de produtos exportados pelo Brasil.<\/p>\n\n\n\n<p><strong>Fonte: G1 PI<\/strong><\/p>\n","protected":false},"excerpt":{"rendered":"<p>De acordo com um levantamento do Minist\u00e9rio da Sa\u00fade, o Piau\u00ed \u00e9 o maior exportador de mel do Brasil. O estudo leva em conta os n\u00fameros de exporta\u00e7\u00e3o registrados entre janeiro e agosto de 2021, em compara\u00e7\u00e3o com o mesmo per\u00edodo do ano passado. Segundo o Minist\u00e9rio da Economia, entre janeiro e agosto de 2021, [&hellip;]<\/p>\n","protected":false},"author":1,"featured_media":26206,"comment_status":"open","ping_status":"open","sticky":false,"template":"","format":"standard","meta":{"beyondwords_generate_audio":"","beyondwords_project_id":"","beyondwords_podcast_id":"","beyondwords_hash":"","beyondwords_error_message":"","beyondwords_disabled":"","publish_post_to_speechkit":"","speechkit_generate_audio":"","speechkit_project_id":"","speechkit_podcast_id":"","speechkit_hash":"","speechkit_error_message":"","speechkit_disabled":"","speechkit_access_key":"","speechkit_error":"","speechkit_info":"","speechkit_response":"","speechkit_retries":"","_speechkit_link":"","_speechkit_text":""},"categories":[516,134,51],"tags":[2254,780,1093,44,72,46,7793,1152,6166,998,52,323,8549],"jetpack_featured_media_url":"","_links":{"self":[{"href":"https:\/\/pinews.com.br\/index.php\/wp-json\/wp\/v2\/posts\/26205"}],"collection":[{"href":"https:\/\/pinews.com.br\/index.php\/wp-json\/wp\/v2\/posts"}],"about":[{"href":"https:\/\/pinews.com.br\/index.php\/wp-json\/wp\/v2\/types\/post"}],"author":[{"embeddable":true,"href":"https:\/\/pinews.com.br\/index.php\/wp-json\/wp\/v2\/users\/1"}],"replies":[{"embeddable":true,"href":"https:\/\/pinews.com.br\/index.php\/wp-json\/wp\/v2\/comments?post=26205"}],"version-history":[{"count":0,"href":"https:\/\/pinews.com.br\/index.php\/wp-json\/wp\/v2\/posts\/26205\/revisions"}],"wp:featuredmedia":[{"embeddable":true,"href":"https:\/\/pinews.com.br\/index.php\/wp-json\/"}],"wp:attachment":[{"href":"https:\/\/pinews.com.br\/index.php\/wp-json\/wp\/v2\/media?parent=26205"}],"wp:term":[{"taxonomy":"category","embeddable":true,"href":"https:\/\/pinews.com.br\/index.php\/wp-json\/wp\/v2\/categories?post=26205"},{"taxonomy":"post_tag","embeddable":true,"href":"https:\/\/pinews.com.br\/index.php\/wp-json\/wp\/v2\/tags?post=26205"}],"curies":[{"name":"wp","href":"https:\/\/api.w.org\/{rel}","templated":true}]}}