{"id":26239,"date":"2021-09-08T11:03:25","date_gmt":"2021-09-08T14:03:25","guid":{"rendered":"https:\/\/pinews.com.br\/?p=26239"},"modified":"2021-09-08T11:03:25","modified_gmt":"2021-09-08T14:03:25","slug":"incendio-atinge-zona-rural-de-sao-raimundo-nonato-e-ameaca-parque-nacional-da-serra-da-capivara","status":"publish","type":"post","link":"https:\/\/pinews.com.br\/index.php\/2021\/09\/08\/incendio-atinge-zona-rural-de-sao-raimundo-nonato-e-ameaca-parque-nacional-da-serra-da-capivara\/","title":{"rendered":"Inc\u00eandio atinge zona rural de S\u00e3o Raimundo Nonato e amea\u00e7a Parque Nacional  da Serra da Capivara"},"content":{"rendered":"\n<p>Um inc\u00eandio de grandes propor\u00e7\u00f5es atinge a regi\u00e3o rural de S\u00e3o Raimundo Nonato desde a tarde de ter\u00e7a-feira (7). De acordo com o Corpo de Bombeiros, at\u00e9 a manh\u00e3 desta quarta-feira (8) o fogo est\u00e1 a cerca de 8 quil\u00f4metros do Parque Nacional da Serra da Capivara.<\/p>\n\n\n\n<p>Segundo o coronel Jo\u00e3o Costa, comandante opera\u00e7\u00e3o dos Bombeiros, o relevo da regi\u00e3o favorece o avan\u00e7o r\u00e1pido do fogo.<\/p>\n\n\n\n<blockquote class=\"wp-block-quote\"><p>\u201c\u00c9 um inc\u00eandio de grande propor\u00e7\u00e3o nessa vegeta\u00e7\u00e3o em especial pela forma\u00e7\u00e3o do relevo do local. Quando o inc\u00eandio vai subindo uma \u00e1rea de inclina\u00e7\u00e3o, ele sobe com muita velocidade, e \u00e9 o que n\u00f3s encontramos l\u00e1\u201d, disse o coronel.<\/p><\/blockquote>\n\n\n\n<figure class=\"wp-block-image\"><img decoding=\"async\" src=\"https:\/\/s2.glbimg.com\/d-TrvmZ6eKg3VPrgU5_33MsUoAk=\/0x0:1280x589\/984x0\/smart\/filters:strip_icc()\/i.s3.glbimg.com\/v1\/AUTH_59edd422c0c84a879bd37670ae4f538a\/internal_photos\/bs\/2021\/t\/B\/raO9xFS36dJ7tcPawiCA\/whatsapp-image-2021-09-08-at-08.25.52-1-.jpeg\" alt=\"Inc\u00eandio atinge zona rural de S\u00e3o Raimundo Nonato e amea\u00e7a Parque Nacional da Serra da Capivara \u2014 Foto: Andr\u00e9 Pessoa\"\/><figcaption>Inc\u00eandio atinge zona rural de S\u00e3o Raimundo Nonato e amea\u00e7a Parque Nacional da Serra da Capivara \u2014 Foto: Andr\u00e9 Pessoa<\/figcaption><\/figure>\n\n\n\n<p>O inc\u00eandio tem sido combatido por quinze pessoas de equipes de brigadistas da Prefeitura de S\u00e3o Raimundo Nonato e do Instituto Chico Mendes (ICMBio). Uma equipe do Corpo de Bombeiros foi enviada na manh\u00e3 desta quarta-feira (8), para combater o fogo e abrir aceiros para evitar o avan\u00e7o das chamas.<\/p>\n\n\n\n<p>Segundo Instituto nacional de Pesquisas Espaciais (Inpe), nessa ter\u00e7a-feira (7) foi registrado 340 focos de inc\u00eandio no Piau\u00ed, o maior n\u00famero de focos em 2021.<\/p>\n\n\n\n<figure class=\"wp-block-image\"><img decoding=\"async\" src=\"https:\/\/s2.glbimg.com\/LWmpROhU5AU-QcdvWeU3W5h2M1I=\/0x7:1280x711\/984x0\/smart\/filters:strip_icc()\/i.s3.glbimg.com\/v1\/AUTH_59edd422c0c84a879bd37670ae4f538a\/internal_photos\/bs\/2021\/l\/i\/pOeI5xQlumFbIojClxLg\/whatsapp-image-2021-09-08-at-07.39.43.jpeg\" alt=\"Inc\u00eandio atinge zona rural de S\u00e3o Raimundo Nonato e amea\u00e7a Parque Nacional da Serra da Capivara \u2014 Foto: Secretaria do Meio Ambiente de S\u00e3o Raimundo Nonato\"\/><figcaption>Inc\u00eandio atinge zona rural de S\u00e3o Raimundo Nonato e amea\u00e7a Parque Nacional da Serra da Capivara \u2014 Foto: Secretaria do Meio Ambiente de S\u00e3o Raimundo Nonato<\/figcaption><\/figure>\n\n\n\n<p><strong>Fonte: G1 PI<\/strong><\/p>\n","protected":false},"excerpt":{"rendered":"<p>Um inc\u00eandio de grandes propor\u00e7\u00f5es atinge a regi\u00e3o rural de S\u00e3o Raimundo Nonato desde a tarde de ter\u00e7a-feira (7). De acordo com o Corpo de Bombeiros, at\u00e9 a manh\u00e3 desta quarta-feira (8) o fogo est\u00e1 a cerca de 8 quil\u00f4metros do Parque Nacional da Serra da Capivara. Segundo o coronel Jo\u00e3o Costa, comandante opera\u00e7\u00e3o dos [&hellip;]<\/p>\n","protected":false},"author":1,"featured_media":26240,"comment_status":"open","ping_status":"open","sticky":false,"template":"","format":"standard","meta":{"beyondwords_generate_audio":"","beyondwords_project_id":"","beyondwords_podcast_id":"","beyondwords_hash":"","beyondwords_error_message":"","beyondwords_disabled":"","publish_post_to_speechkit":"","speechkit_generate_audio":"","speechkit_project_id":"","speechkit_podcast_id":"","speechkit_hash":"","speechkit_error_message":"","speechkit_disabled":"","speechkit_access_key":"","speechkit_error":"","speechkit_info":"","speechkit_response":"","speechkit_retries":"","_speechkit_link":"","_speechkit_text":""},"categories":[51],"tags":[5932,372,5953,122,44,547,5508,9064,1410,9065,93,362,5954,97],"jetpack_featured_media_url":"","_links":{"self":[{"href":"https:\/\/pinews.com.br\/index.php\/wp-json\/wp\/v2\/posts\/26239"}],"collection":[{"href":"https:\/\/pinews.com.br\/index.php\/wp-json\/wp\/v2\/posts"}],"about":[{"href":"https:\/\/pinews.com.br\/index.php\/wp-json\/wp\/v2\/types\/post"}],"author":[{"embeddable":true,"href":"https:\/\/pinews.com.br\/index.php\/wp-json\/wp\/v2\/users\/1"}],"replies":[{"embeddable":true,"href":"https:\/\/pinews.com.br\/index.php\/wp-json\/wp\/v2\/comments?post=26239"}],"version-history":[{"count":0,"href":"https:\/\/pinews.com.br\/index.php\/wp-json\/wp\/v2\/posts\/26239\/revisions"}],"wp:featuredmedia":[{"embeddable":true,"href":"https:\/\/pinews.com.br\/index.php\/wp-json\/"}],"wp:attachment":[{"href":"https:\/\/pinews.com.br\/index.php\/wp-json\/wp\/v2\/media?parent=26239"}],"wp:term":[{"taxonomy":"category","embeddable":true,"href":"https:\/\/pinews.com.br\/index.php\/wp-json\/wp\/v2\/categories?post=26239"},{"taxonomy":"post_tag","embeddable":true,"href":"https:\/\/pinews.com.br\/index.php\/wp-json\/wp\/v2\/tags?post=26239"}],"curies":[{"name":"wp","href":"https:\/\/api.w.org\/{rel}","templated":true}]}}