{"id":26330,"date":"2021-09-11T11:29:54","date_gmt":"2021-09-11T14:29:54","guid":{"rendered":"https:\/\/pinews.com.br\/?p=26330"},"modified":"2021-09-11T11:29:54","modified_gmt":"2021-09-11T14:29:54","slug":"helicoptero-da-policia-militar-e-enviado-para-auxiliar-no-combate-a-incendios-no-sul-do-piaui","status":"publish","type":"post","link":"https:\/\/pinews.com.br\/index.php\/2021\/09\/11\/helicoptero-da-policia-militar-e-enviado-para-auxiliar-no-combate-a-incendios-no-sul-do-piaui\/","title":{"rendered":"Helic\u00f3ptero da Pol\u00edcia Militar \u00e9 enviado para auxiliar no combate a inc\u00eandios no Sul do Piau\u00ed"},"content":{"rendered":"\n<p>Um helic\u00f3ptero da Pol\u00edcia Militar do Piau\u00ed foi enviado neste s\u00e1bado (11) para o Sul do estado para ser usado no combate ao inc\u00eandio que atinge a Zona Rural do munic\u00edpio de S\u00e3o Raimundo Nonato e a regi\u00e3o da Serra das Confus\u00f5es.<\/p>\n\n\n\n<blockquote class=\"wp-block-quote\"><p>\u201cEle vai decolar, fazer o levantamento dos focos de inc\u00eandio e, em seguida, lan\u00e7ar as equipes nesses pontos para elas fazerem o combate do fogo\u201d, informou o coronel Jo\u00e3o Costa, do Corpo de Bombeiros do Piau\u00ed.<\/p><\/blockquote>\n\n\n\n<p>O piloto da aeronave, tenente-coronel Josu\u00e9 Saraiva, afirmou ao&nbsp;<strong>G1<\/strong>&nbsp;que ela ficar\u00e1 na regi\u00e3o o tempo que for necess\u00e1rio. \u201c\u00c9 uma helic\u00f3ptero modelo Robson 44, que vai trabalhar mais na \u00e1rea do reconhecimento dos focos de inc\u00eandio\u201d, disse.<\/p>\n\n\n\n<p>Outro helic\u00f3ptero do&nbsp;<a href=\"https:\/\/g1.globo.com\/ma\/maranhao\/\">Estado do Maranh\u00e3o<\/a>&nbsp;est\u00e1 previsto para chegar na regi\u00e3o ainda neste s\u00e1bado para realizar o lan\u00e7amento de \u00e1gua nos pontos em que as equipes estiverem atuando para controlar o fogo.<\/p>\n\n\n\n<figure class=\"wp-block-image\"><img decoding=\"async\" src=\"https:\/\/s2.glbimg.com\/Y6Gt59vB6wNjeR0GlXW7nfTZETc=\/54x0:1159x564\/984x0\/smart\/filters:strip_icc()\/i.s3.glbimg.com\/v1\/AUTH_59edd422c0c84a879bd37670ae4f538a\/internal_photos\/bs\/2021\/B\/L\/ibxaIDSVGDEl54jYmv6w\/whatsapp-image-2021-09-11-at-09.23.55-1-.jpeg\" alt=\"\u00c1reas com focos de inc\u00eandio neste s\u00e1bado (11) \u2014 Foto: Divulga\u00e7\u00e3o \/Corpo de Bombeiros\"\/><figcaption>\u00c1reas com focos de inc\u00eandio neste s\u00e1bado (11) \u2014 Foto: Divulga\u00e7\u00e3o \/Corpo de Bombeiros<\/figcaption><\/figure>\n\n\n\n<p>\u201cEla tem a capacidade de 500 L por voo. Foi um pedido feito ao comandante do Corpo de Bombeiros do Maranh\u00e3o\u201d, comentou o coronel Jo\u00e3o Costa.<\/p>\n\n\n\n<p>Em S\u00e3o Raimundo Nonato, o inc\u00eandio se concentra no assentamento Serra dos Gringos, a 10 km do Parque Nacional Serra da Capivara. Segundo o secret\u00e1rio municipal de Meio Ambiente, Andr\u00e9 Landim, o fogo n\u00e3o amea\u00e7a o parque.<\/p>\n\n\n\n<p>\u201cO fogo subiu rapidamente na quinta-feira (9) e est\u00e1 bem avan\u00e7ado. Equipes est\u00e3o sendo deslocadas para o assentamento Serra dos Gringos e&nbsp;por hora o inc\u00eandio n\u00e3o amea\u00e7a o parque, mas a zona urbana&#8221;, explicou o gestor.<\/p>\n\n\n\n<figure class=\"wp-block-image\"><img decoding=\"async\" src=\"https:\/\/s2.glbimg.com\/RX1vtsiRYFr1cRGi96_acdSSnPk=\/0x0:1280x720\/984x0\/smart\/filters:strip_icc()\/i.s3.glbimg.com\/v1\/AUTH_59edd422c0c84a879bd37670ae4f538a\/internal_photos\/bs\/2021\/g\/7\/qnOpy3Qmii7akIsvgUPg\/whatsapp-image-2021-09-11-at-09.23.55.jpeg\" alt=\"Inc\u00eandio no assentamento Novo Zabele \u00e9 extinto nessa sexta-feira (10) \u2014 Foto: Divulga\u00e7\u00e3o \/Corpo de Bombeiros\"\/><figcaption>Inc\u00eandio no assentamento Novo Zabele \u00e9 extinto nessa sexta-feira (10) \u2014 Foto: Divulga\u00e7\u00e3o \/Corpo de Bombeiros<\/figcaption><\/figure>\n\n\n\n<p>O fogo no munic\u00edpio iniciou no dia 7 de setembro e chegou atingir casas e propriedades. Conforme a prefeitura, as fam\u00edlias atingidas est\u00e3o sendo cadastradas para receber um aux\u00edlio. Ainda n\u00e3o h\u00e1 informa\u00e7\u00f5es de quantas pessoas ser\u00e3o beneficiadas.<\/p>\n\n\n\n<p>O Corpo de Bombeiros da Bahia foi acionado para refor\u00e7ar o combate ao fogo, que avan\u00e7ou nesta sexta-feira (10) em dire\u00e7\u00e3o \u00e0 zona urbana de S\u00e3o Raimundo Nonato.<\/p>\n\n\n\n<h2>Focos de inc\u00eandio no Piau\u00ed<\/h2>\n\n\n\n<figure class=\"wp-block-image\"><img decoding=\"async\" src=\"https:\/\/s2.glbimg.com\/sxxbdgEdieTRwPKoccZjABBNfsM=\/0x0:1280x592\/984x0\/smart\/filters:strip_icc()\/i.s3.glbimg.com\/v1\/AUTH_59edd422c0c84a879bd37670ae4f538a\/internal_photos\/bs\/2021\/y\/H\/QyMcXUQqGgHbSQG1kMQw\/whatsapp-image-2021-09-08-at-08.25.50.jpeg\" alt=\"Inc\u00eandio atinge zona rural de S\u00e3o Raimundo Nonato e amea\u00e7a Parque Nacional da Serra da Capivara \u2014 Foto: Andr\u00e9 Pessoa\"\/><figcaption>Inc\u00eandio atinge zona rural de S\u00e3o Raimundo Nonato e amea\u00e7a Parque Nacional da Serra da Capivara \u2014 Foto: Andr\u00e9 Pessoa<\/figcaption><\/figure>\n\n\n\n<p>O Piau\u00ed concentrou nos primeiros nove dias de setembro quase 8% do total de focos de inc\u00eandio registrados no Brasil, de acordo com o Instituto Nacional de Pesquisas Espaciais (Inpe). Ao todo, j\u00e1 foram 776 focos de queimadas registrados no estado.<\/p>\n\n\n\n<p>A cidade de Pimenteiras, cidade a 260 km de Teresina, liderou em quantidade de focos de inc\u00eandio registrados nos primeiros dias do m\u00eas: 74 focos, sendo 9,5% do total registrado no estado. Segundo a prefeitura do munic\u00edpio, a regi\u00e3o tem sido monitorada frequentemente para combater o fogo.<\/p>\n\n\n\n<p>&#8220;A Prefeitura e a Secretaria de Meio Ambiente, os brigadistas e o Corpo de Bombeiros est\u00e3o fazendo de tudo, 24 horas, para conter o avan\u00e7o do fogo no munic\u00edpio&#8221;, informou a prefeitura de Pimenteiras.<\/p>\n\n\n\n<p><strong>Fonte: G1 PI<\/strong><\/p>\n","protected":false},"excerpt":{"rendered":"<p>Um helic\u00f3ptero da Pol\u00edcia Militar do Piau\u00ed foi enviado neste s\u00e1bado (11) para o Sul do estado para ser usado no combate ao inc\u00eandio que atinge a Zona Rural do munic\u00edpio de S\u00e3o Raimundo Nonato e a regi\u00e3o da Serra das Confus\u00f5es. \u201cEle vai decolar, fazer o levantamento dos focos de inc\u00eandio e, em seguida, [&hellip;]<\/p>\n","protected":false},"author":1,"featured_media":26331,"comment_status":"open","ping_status":"open","sticky":false,"template":"","format":"standard","meta":{"beyondwords_generate_audio":"","beyondwords_project_id":"","beyondwords_podcast_id":"","beyondwords_hash":"","beyondwords_error_message":"","beyondwords_disabled":"","publish_post_to_speechkit":"","speechkit_generate_audio":"","speechkit_project_id":"","speechkit_podcast_id":"","speechkit_hash":"","speechkit_error_message":"","speechkit_disabled":"","speechkit_access_key":"","speechkit_error":"","speechkit_info":"","speechkit_response":"","speechkit_retries":"","_speechkit_link":"","_speechkit_text":""},"categories":[51],"tags":[6616,5621,122,72,9083,9084,5623,1349,350,52,466,120],"jetpack_featured_media_url":"","_links":{"self":[{"href":"https:\/\/pinews.com.br\/index.php\/wp-json\/wp\/v2\/posts\/26330"}],"collection":[{"href":"https:\/\/pinews.com.br\/index.php\/wp-json\/wp\/v2\/posts"}],"about":[{"href":"https:\/\/pinews.com.br\/index.php\/wp-json\/wp\/v2\/types\/post"}],"author":[{"embeddable":true,"href":"https:\/\/pinews.com.br\/index.php\/wp-json\/wp\/v2\/users\/1"}],"replies":[{"embeddable":true,"href":"https:\/\/pinews.com.br\/index.php\/wp-json\/wp\/v2\/comments?post=26330"}],"version-history":[{"count":0,"href":"https:\/\/pinews.com.br\/index.php\/wp-json\/wp\/v2\/posts\/26330\/revisions"}],"wp:featuredmedia":[{"embeddable":true,"href":"https:\/\/pinews.com.br\/index.php\/wp-json\/"}],"wp:attachment":[{"href":"https:\/\/pinews.com.br\/index.php\/wp-json\/wp\/v2\/media?parent=26330"}],"wp:term":[{"taxonomy":"category","embeddable":true,"href":"https:\/\/pinews.com.br\/index.php\/wp-json\/wp\/v2\/categories?post=26330"},{"taxonomy":"post_tag","embeddable":true,"href":"https:\/\/pinews.com.br\/index.php\/wp-json\/wp\/v2\/tags?post=26330"}],"curies":[{"name":"wp","href":"https:\/\/api.w.org\/{rel}","templated":true}]}}