{"id":26348,"date":"2021-09-11T11:54:17","date_gmt":"2021-09-11T14:54:17","guid":{"rendered":"https:\/\/pinews.com.br\/?p=26348"},"modified":"2021-09-11T11:54:17","modified_gmt":"2021-09-11T14:54:17","slug":"jovem-sem-habilitacao-fica-ferido-apos-carro-colidir-contra-arvore-e-capotar-na-br-316-em-picos","status":"publish","type":"post","link":"https:\/\/pinews.com.br\/index.php\/2021\/09\/11\/jovem-sem-habilitacao-fica-ferido-apos-carro-colidir-contra-arvore-e-capotar-na-br-316-em-picos\/","title":{"rendered":"Jovem sem habilita\u00e7\u00e3o fica ferido ap\u00f3s carro colidir contra \u00e1rvore e capotar na BR-316 em Picos"},"content":{"rendered":"\n<p>Um jovem de 26 anos ficou ferido ap\u00f3s colidir o carro que conduzia contra uma \u00e1rvore e, em seguida, capotar na manh\u00e3 desta sexta-feira (10) na BR-316, em Picos, Sul do Piau\u00ed. Segundo a Pol\u00edcia Rodovi\u00e1ria Federal (PRF), o motorista n\u00e3o tem carteira de habilita\u00e7\u00e3o.<\/p>\n\n\n\n<p>O ve\u00edculo trafegava no sentido Alegrete do Piau\u00ed\/ Picos, quando o condutor perdeu o controle da dire\u00e7\u00e3o. O carro bateu contra uma \u00e1rvore \u00e0s margens da rodovia e capotou.<\/p>\n\n\n\n<p>O jovem n\u00e3o necessitou de socorro m\u00e9dico e permaneceu no local at\u00e9 a chegada das autoridades policiais.<\/p>\n\n\n\n<p>Tamb\u00e9m n\u00e3o houve o registro de interdi\u00e7\u00e3o na rodovia.<\/p>\n\n\n\n<p><strong>Fonte: G1 PI<\/strong><\/p>\n","protected":false},"excerpt":{"rendered":"<p>Um jovem de 26 anos ficou ferido ap\u00f3s colidir o carro que conduzia contra uma \u00e1rvore e, em seguida, capotar na manh\u00e3 desta sexta-feira (10) na BR-316, em Picos, Sul do Piau\u00ed. Segundo a Pol\u00edcia Rodovi\u00e1ria Federal (PRF), o motorista n\u00e3o tem carteira de habilita\u00e7\u00e3o. O ve\u00edculo trafegava no sentido Alegrete do Piau\u00ed\/ Picos, quando [&hellip;]<\/p>\n","protected":false},"author":1,"featured_media":26349,"comment_status":"open","ping_status":"open","sticky":false,"template":"","format":"standard","meta":{"beyondwords_generate_audio":"","beyondwords_project_id":"","beyondwords_podcast_id":"","beyondwords_hash":"","beyondwords_error_message":"","beyondwords_disabled":"","publish_post_to_speechkit":"","speechkit_generate_audio":"","speechkit_project_id":"","speechkit_podcast_id":"","speechkit_hash":"","speechkit_error_message":"","speechkit_disabled":"","speechkit_access_key":"","speechkit_error":"","speechkit_info":"","speechkit_response":"","speechkit_retries":"","_speechkit_link":"","_speechkit_text":""},"categories":[124,51,126],"tags":[70,441,298,939,62,300,294,46,295,160,5387,266,91,125,975],"jetpack_featured_media_url":"","_links":{"self":[{"href":"https:\/\/pinews.com.br\/index.php\/wp-json\/wp\/v2\/posts\/26348"}],"collection":[{"href":"https:\/\/pinews.com.br\/index.php\/wp-json\/wp\/v2\/posts"}],"about":[{"href":"https:\/\/pinews.com.br\/index.php\/wp-json\/wp\/v2\/types\/post"}],"author":[{"embeddable":true,"href":"https:\/\/pinews.com.br\/index.php\/wp-json\/wp\/v2\/users\/1"}],"replies":[{"embeddable":true,"href":"https:\/\/pinews.com.br\/index.php\/wp-json\/wp\/v2\/comments?post=26348"}],"version-history":[{"count":0,"href":"https:\/\/pinews.com.br\/index.php\/wp-json\/wp\/v2\/posts\/26348\/revisions"}],"wp:featuredmedia":[{"embeddable":true,"href":"https:\/\/pinews.com.br\/index.php\/wp-json\/"}],"wp:attachment":[{"href":"https:\/\/pinews.com.br\/index.php\/wp-json\/wp\/v2\/media?parent=26348"}],"wp:term":[{"taxonomy":"category","embeddable":true,"href":"https:\/\/pinews.com.br\/index.php\/wp-json\/wp\/v2\/categories?post=26348"},{"taxonomy":"post_tag","embeddable":true,"href":"https:\/\/pinews.com.br\/index.php\/wp-json\/wp\/v2\/tags?post=26348"}],"curies":[{"name":"wp","href":"https:\/\/api.w.org\/{rel}","templated":true}]}}