{"id":26384,"date":"2021-09-12T11:34:28","date_gmt":"2021-09-12T14:34:28","guid":{"rendered":"https:\/\/pinews.com.br\/?p=26384"},"modified":"2021-09-12T11:34:28","modified_gmt":"2021-09-12T14:34:28","slug":"prf-autua-caminhoneiro-por-estar-portando-anfetaminas-para-consumo-em-picos","status":"publish","type":"post","link":"https:\/\/pinews.com.br\/index.php\/2021\/09\/12\/prf-autua-caminhoneiro-por-estar-portando-anfetaminas-para-consumo-em-picos\/","title":{"rendered":"PRF autua caminhoneiro por estar portando anfetaminas para consumo em Picos"},"content":{"rendered":"\n<p>Policiais Rodovi\u00e1rios Federais autuaram um caminhoneiro de 31 anos por porte, para consumo pessoal, de drogas sem autoriza\u00e7\u00e3o. Toda a a\u00e7\u00e3o ocorreu na BR 316 na cidade de Picos neste s\u00e1bado (11).&nbsp;<\/p>\n\n\n\n<p>Durante trabalho de policiamento de rotina, os policiais abordaram o ve\u00edculo que era conduzido pelo suspeito. Durante os procedimentos de fiscaliza\u00e7\u00e3o, verificou-se que o condutor n\u00e3o havia comprovado os tempos de dire\u00e7\u00e3o e descanso das \u00faltimas 24h (Lei 12.619\/12). Ap\u00f3s fazer a verifica\u00e7\u00e3o no interior do ve\u00edculo, foram encontrados 30 comprimidos de anfetamina.<\/p>\n\n\n\n<p>Diante dos fatos, foi lavrado um Termo Circunstanciado por descumprimento ao Art. 28 da Lei. 11.343\/06 por porte de droga para consumo. A ocorr\u00eancia foi encaminhada ao Juizado Especial Criminal na comarca de Picos para os procedimentos necess\u00e1rios.&nbsp;<\/p>\n\n\n\n<p>O condutor se comprometeu a comparecer em audi\u00eancia judicial referente \u00e0 pr\u00e1tica delituosa. Em decorr\u00eancia da n\u00e3o comprova\u00e7\u00e3o dos tempos de dire\u00e7\u00e3o e descanso, foi determinado ao condutor que cumprisse as 11  horas de descanso ininterrupto antes de prosseguir.<\/p>\n\n\n\n<p><strong>Fonte: Cidade Verde<\/strong><\/p>\n","protected":false},"excerpt":{"rendered":"<p>Policiais Rodovi\u00e1rios Federais autuaram um caminhoneiro de 31 anos por porte, para consumo pessoal, de drogas sem autoriza\u00e7\u00e3o. Toda a a\u00e7\u00e3o ocorreu na BR 316 na cidade de Picos neste s\u00e1bado (11).&nbsp; Durante trabalho de policiamento de rotina, os policiais abordaram o ve\u00edculo que era conduzido pelo suspeito. Durante os procedimentos de fiscaliza\u00e7\u00e3o, verificou-se que [&hellip;]<\/p>\n","protected":false},"author":1,"featured_media":26385,"comment_status":"open","ping_status":"open","sticky":false,"template":"","format":"standard","meta":{"beyondwords_generate_audio":"","beyondwords_project_id":"","beyondwords_podcast_id":"","beyondwords_hash":"","beyondwords_error_message":"","beyondwords_disabled":"","publish_post_to_speechkit":"","speechkit_generate_audio":"","speechkit_project_id":"","speechkit_podcast_id":"","speechkit_hash":"","speechkit_error_message":"","speechkit_disabled":"","speechkit_access_key":"","speechkit_error":"","speechkit_info":"","speechkit_response":"","speechkit_retries":"","_speechkit_link":"","_speechkit_text":""},"categories":[51,126,78],"tags":[6537,5944,225,6253,46,6538,350,125,59,6539,104],"jetpack_featured_media_url":"","_links":{"self":[{"href":"https:\/\/pinews.com.br\/index.php\/wp-json\/wp\/v2\/posts\/26384"}],"collection":[{"href":"https:\/\/pinews.com.br\/index.php\/wp-json\/wp\/v2\/posts"}],"about":[{"href":"https:\/\/pinews.com.br\/index.php\/wp-json\/wp\/v2\/types\/post"}],"author":[{"embeddable":true,"href":"https:\/\/pinews.com.br\/index.php\/wp-json\/wp\/v2\/users\/1"}],"replies":[{"embeddable":true,"href":"https:\/\/pinews.com.br\/index.php\/wp-json\/wp\/v2\/comments?post=26384"}],"version-history":[{"count":0,"href":"https:\/\/pinews.com.br\/index.php\/wp-json\/wp\/v2\/posts\/26384\/revisions"}],"wp:featuredmedia":[{"embeddable":true,"href":"https:\/\/pinews.com.br\/index.php\/wp-json\/"}],"wp:attachment":[{"href":"https:\/\/pinews.com.br\/index.php\/wp-json\/wp\/v2\/media?parent=26384"}],"wp:term":[{"taxonomy":"category","embeddable":true,"href":"https:\/\/pinews.com.br\/index.php\/wp-json\/wp\/v2\/categories?post=26384"},{"taxonomy":"post_tag","embeddable":true,"href":"https:\/\/pinews.com.br\/index.php\/wp-json\/wp\/v2\/tags?post=26384"}],"curies":[{"name":"wp","href":"https:\/\/api.w.org\/{rel}","templated":true}]}}