{"id":26445,"date":"2021-09-13T11:05:29","date_gmt":"2021-09-13T14:05:29","guid":{"rendered":"https:\/\/pinews.com.br\/?p=26445"},"modified":"2021-09-13T11:05:29","modified_gmt":"2021-09-13T14:05:29","slug":"bolsonaro-sanciona-lei-que-obriga-atualizacao-de-cadastro-da-tarifa-social-de-energia","status":"publish","type":"post","link":"https:\/\/pinews.com.br\/index.php\/2021\/09\/13\/bolsonaro-sanciona-lei-que-obriga-atualizacao-de-cadastro-da-tarifa-social-de-energia\/","title":{"rendered":"Bolsonaro sanciona lei que obriga atualiza\u00e7\u00e3o de cadastro da tarifa social de energia"},"content":{"rendered":"\n<p>O presidente Jair Bolsonaro sancionou a lei que torna obrigat\u00f3ria a atualiza\u00e7\u00e3o do cadastro dos benefici\u00e1rios da Tarifa Social de Energia Social. A nova legisla\u00e7\u00e3o, j\u00e1 aprovada pelo Congresso, visa simplificar a inscri\u00e7\u00e3o no programa para que potenciais benefici\u00e1rios sejam inclu\u00eddos automaticamente.<\/p>\n\n\n\n<p>Segundo a Secretaria-Geral da Presid\u00eancia da Rep\u00fablica, a medida se justifica porque os potenciais benefici\u00e1rios n\u00e3o estariam sendo informados de forma adequada de seu direito ou n\u00e3o estariam sendo capazes de apresentar toda a documenta\u00e7\u00e3o exigida para comprova\u00e7\u00e3o, sendo exclu\u00eddos do benef\u00edcio.<\/p>\n\n\n\n<p>Com a lei, Poder Executivo e concession\u00e1rias, permission\u00e1rias e autorizadas de servi\u00e7o p\u00fablico de distribui\u00e7\u00e3o de energia el\u00e9trica dever\u00e3o compatibilizar e atualizar a rela\u00e7\u00e3o de cadastrados que atendam aos crit\u00e9rios do programa e inscrev\u00ea-los automaticamente.<\/p>\n\n\n\n<p>A Tarifa Social de Energia \u00e9 destinada a fam\u00edlias inscritas no Cadastro \u00danico para Programas Sociais do governo federal (Cad\u00danico), com renda familiar mensal per capital menor ou igual a meio sal\u00e1rio m\u00ednimo, ou que tenham entre seus integrantes quem receba o benef\u00edcio de presta\u00e7\u00e3o continuada da assist\u00eancia social (BPC).<\/p>\n\n\n\n<p>At\u00e9 ent\u00e3o, para obter o subs\u00eddio, os benefici\u00e1rios precisavam procurar as prefeituras e as empresas, al\u00e9m de ter de provar que se enquadram nos crit\u00e9rios do programa. &#8220;A baixa escolaridade dos benefici\u00e1rios e a dificuldade de compreender as instru\u00e7\u00f5es para obten\u00e7\u00e3o do benef\u00edcio pode representar um impedimento para que o requeiram. Ainda, outro ponto que pode prejudicar o acesso ao benef\u00edcio \u00e9 a necessidade de as fam\u00edlias de baixa renda terem de se deslocar \u00e0s concession\u00e1rias para formalizarem o pedido&#8221;, diz a Secretaria Geral em nota divulgada neste domingo. O texto da lei sancionada estar\u00e1 publicado no Di\u00e1rio Oficial da Uni\u00e3o desta segunda-feira, 13.<\/p>\n\n\n\n<p><strong>Fonte: Estad\u00e3o Conte\u00fado <\/strong><\/p>\n","protected":false},"excerpt":{"rendered":"<p>O presidente Jair Bolsonaro sancionou a lei que torna obrigat\u00f3ria a atualiza\u00e7\u00e3o do cadastro dos benefici\u00e1rios da Tarifa Social de Energia Social. A nova legisla\u00e7\u00e3o, j\u00e1 aprovada pelo Congresso, visa simplificar a inscri\u00e7\u00e3o no programa para que potenciais benefici\u00e1rios sejam inclu\u00eddos automaticamente. Segundo a Secretaria-Geral da Presid\u00eancia da Rep\u00fablica, a medida se justifica porque os [&hellip;]<\/p>\n","protected":false},"author":1,"featured_media":26446,"comment_status":"open","ping_status":"open","sticky":false,"template":"","format":"standard","meta":{"beyondwords_generate_audio":"","beyondwords_project_id":"","beyondwords_podcast_id":"","beyondwords_hash":"","beyondwords_error_message":"","beyondwords_disabled":"","publish_post_to_speechkit":"","speechkit_generate_audio":"","speechkit_project_id":"","speechkit_podcast_id":"","speechkit_hash":"","speechkit_error_message":"","speechkit_disabled":"","speechkit_access_key":"","speechkit_error":"","speechkit_info":"","speechkit_response":"","speechkit_retries":"","_speechkit_link":"","_speechkit_text":""},"categories":[134],"tags":[4321,1202,2430,122,44,1976,692,997,7740,5857,6808],"jetpack_featured_media_url":"","_links":{"self":[{"href":"https:\/\/pinews.com.br\/index.php\/wp-json\/wp\/v2\/posts\/26445"}],"collection":[{"href":"https:\/\/pinews.com.br\/index.php\/wp-json\/wp\/v2\/posts"}],"about":[{"href":"https:\/\/pinews.com.br\/index.php\/wp-json\/wp\/v2\/types\/post"}],"author":[{"embeddable":true,"href":"https:\/\/pinews.com.br\/index.php\/wp-json\/wp\/v2\/users\/1"}],"replies":[{"embeddable":true,"href":"https:\/\/pinews.com.br\/index.php\/wp-json\/wp\/v2\/comments?post=26445"}],"version-history":[{"count":0,"href":"https:\/\/pinews.com.br\/index.php\/wp-json\/wp\/v2\/posts\/26445\/revisions"}],"wp:featuredmedia":[{"embeddable":true,"href":"https:\/\/pinews.com.br\/index.php\/wp-json\/"}],"wp:attachment":[{"href":"https:\/\/pinews.com.br\/index.php\/wp-json\/wp\/v2\/media?parent=26445"}],"wp:term":[{"taxonomy":"category","embeddable":true,"href":"https:\/\/pinews.com.br\/index.php\/wp-json\/wp\/v2\/categories?post=26445"},{"taxonomy":"post_tag","embeddable":true,"href":"https:\/\/pinews.com.br\/index.php\/wp-json\/wp\/v2\/tags?post=26445"}],"curies":[{"name":"wp","href":"https:\/\/api.w.org\/{rel}","templated":true}]}}