{"id":26513,"date":"2021-09-14T19:22:36","date_gmt":"2021-09-14T22:22:36","guid":{"rendered":"https:\/\/pinews.com.br\/?p=26513"},"modified":"2021-09-14T19:22:36","modified_gmt":"2021-09-14T22:22:36","slug":"ministerio-da-saude-reconhece-que-enviou-51-mil-vacina-contra-covid-19-a-menos-para-o-piaui","status":"publish","type":"post","link":"https:\/\/pinews.com.br\/index.php\/2021\/09\/14\/ministerio-da-saude-reconhece-que-enviou-51-mil-vacina-contra-covid-19-a-menos-para-o-piaui\/","title":{"rendered":"Minist\u00e9rio da Sa\u00fade reconhece que enviou 51 mil vacina contra Covid-19 a menos para o Piau\u00ed"},"content":{"rendered":"\n<p>O Minist\u00e9rio da Sa\u00fade admitiu que enviou doses a menos para o Piau\u00ed de vacinas contra a Covid-19. Este reconhecimento aconteceu em resposta a um of\u00edcio do Minist\u00e9rio P\u00fablico Federal (MPF) que pediu, ainda em agosto, informa\u00e7\u00f5es sobre a quantidade de doses serem insuficientes para o estado.<\/p>\n\n\n\n<p>A pasta afirmou que j\u00e1 est\u00e1 fazendo a compensa\u00e7\u00e3o e que a defasagem era de mais de 51 mil doses, mas que at\u00e9 a pr\u00f3xima quarta-feira (15) as doses ser\u00e3o equiparadas.<\/p>\n\n\n\n<p>A vice-presidente do Conselho de Secret\u00e1rios Municipais de Sa\u00fade do Estado do Piau\u00ed (Cosems-PI), Leopoldina Cipriano, declarou que a defasagem de doses atrasou a imuniza\u00e7\u00e3o no estado, principalmente nas cidades mais populosas.<\/p>\n\n\n\n<p>\u201cSe as doses tivessem sido equiparadas \u00e0 popula\u00e7\u00e3o dos estados, n\u00f3s poder\u00edamos estar 15 dias adiantados com a vacina\u00e7\u00e3o dos maiores de 18 anos e j\u00e1 estarmos vacinando pessoas menores de 17 com comorbidades\u201d, disse.<\/p>\n\n\n\n<p>O autor do of\u00edcio enviado ao Minist\u00e9rio da Sa\u00fade, procurador regional dos Direitos do Cidad\u00e3o, Kelston Pinheiro Lages, solicitou provid\u00eancias para compensar os estados que receberam um menor n\u00famero de vacinas em rela\u00e7\u00e3o \u00e0 suas popula\u00e7\u00f5es, dentre eles o Piau\u00ed, que recebeu pouco mais de 70% das doses a que teria direito.<\/p>\n\n\n\n<p>Segundo a secret\u00e1ria extraordin\u00e1ria de enfrentamento \u00e0 Covid-19 do Minist\u00e9rio da Sa\u00fade, Rosana Leite de Melo, at\u00e9 o dia 2 de setembro, foram enviadas ao Piau\u00ed 3.531.396 doses de vacinas, sendo 2.025.421 para 1\u00aa dose, 1.377.409 para 2\u00aa e 49.800 para dose \u00fanica.<\/p>\n\n\n\n<p>Contando que a proje\u00e7\u00e3o feita pela pasta da popula\u00e7\u00e3o vacin\u00e1vel acima de 18 anos \u00e9 de 2.383.425 habitantes, o minist\u00e9rio concluiu que para haver a compensa\u00e7\u00e3o ser\u00e3o enviadas 51.766 doses.<\/p>\n\n\n\n<p>No of\u00edcio, o representante do MPF solicitou ainda informa\u00e7\u00f5es acerca da metodologia utilizada pelo \u00f3rg\u00e3o para calcular as doses a serem enviadas aos estados.<\/p>\n\n\n\n<p>A secret\u00e1ria Rosana Leite informou que o crit\u00e9rio utilizado era referente \u00e0 popula\u00e7\u00e3o dos grupos priorit\u00e1rios de cada estado, conforme inicialmente estabelecido pelo Plano Nacional de Imuniza\u00e7\u00e3o (PNI), mas que a partir de discuss\u00f5es realizadas pela Secretaria Extraordin\u00e1ria de Enfrentamento \u00e0 Covid-19, Conass e Conassems e considerando a imuniza\u00e7\u00e3o desses grupos, foi decidido que o novo crit\u00e9rio a ser seguido seria exclusivamente os dados populacionais por idade, conforme estimativa do IBGE para 2020.<\/p>\n\n\n\n<p>Ela disse ainda que os dados tamb\u00e9m v\u00e3o levar em considera\u00e7\u00e3o o envio da 2\u00aa dose baseado no hist\u00f3rico de envio de imunizantes para 1\u00aa dose.<\/p>\n\n\n\n<p><strong>Fonte: G1 PI<\/strong><\/p>\n","protected":false},"excerpt":{"rendered":"<p>O Minist\u00e9rio da Sa\u00fade admitiu que enviou doses a menos para o Piau\u00ed de vacinas contra a Covid-19. Este reconhecimento aconteceu em resposta a um of\u00edcio do Minist\u00e9rio P\u00fablico Federal (MPF) que pediu, ainda em agosto, informa\u00e7\u00f5es sobre a quantidade de doses serem insuficientes para o estado. A pasta afirmou que j\u00e1 est\u00e1 fazendo a [&hellip;]<\/p>\n","protected":false},"author":1,"featured_media":26514,"comment_status":"open","ping_status":"open","sticky":false,"template":"","format":"standard","meta":{"beyondwords_generate_audio":"","beyondwords_project_id":"","beyondwords_podcast_id":"","beyondwords_hash":"","beyondwords_error_message":"","beyondwords_disabled":"","publish_post_to_speechkit":"","speechkit_generate_audio":"","speechkit_project_id":"","speechkit_podcast_id":"","speechkit_hash":"","speechkit_error_message":"","speechkit_disabled":"","speechkit_access_key":"","speechkit_error":"","speechkit_info":"","speechkit_response":"","speechkit_retries":"","_speechkit_link":"","_speechkit_text":""},"categories":[51],"tags":[1120,294,5307,122,9099,492,109,2649,350,52,8576,891,3178],"jetpack_featured_media_url":"","_links":{"self":[{"href":"https:\/\/pinews.com.br\/index.php\/wp-json\/wp\/v2\/posts\/26513"}],"collection":[{"href":"https:\/\/pinews.com.br\/index.php\/wp-json\/wp\/v2\/posts"}],"about":[{"href":"https:\/\/pinews.com.br\/index.php\/wp-json\/wp\/v2\/types\/post"}],"author":[{"embeddable":true,"href":"https:\/\/pinews.com.br\/index.php\/wp-json\/wp\/v2\/users\/1"}],"replies":[{"embeddable":true,"href":"https:\/\/pinews.com.br\/index.php\/wp-json\/wp\/v2\/comments?post=26513"}],"version-history":[{"count":0,"href":"https:\/\/pinews.com.br\/index.php\/wp-json\/wp\/v2\/posts\/26513\/revisions"}],"wp:featuredmedia":[{"embeddable":true,"href":"https:\/\/pinews.com.br\/index.php\/wp-json\/"}],"wp:attachment":[{"href":"https:\/\/pinews.com.br\/index.php\/wp-json\/wp\/v2\/media?parent=26513"}],"wp:term":[{"taxonomy":"category","embeddable":true,"href":"https:\/\/pinews.com.br\/index.php\/wp-json\/wp\/v2\/categories?post=26513"},{"taxonomy":"post_tag","embeddable":true,"href":"https:\/\/pinews.com.br\/index.php\/wp-json\/wp\/v2\/tags?post=26513"}],"curies":[{"name":"wp","href":"https:\/\/api.w.org\/{rel}","templated":true}]}}