{"id":2658,"date":"2019-12-03T18:36:44","date_gmt":"2019-12-03T21:36:44","guid":{"rendered":"https:\/\/pinews.com.br\/?p=2658"},"modified":"2019-12-03T18:36:44","modified_gmt":"2019-12-03T21:36:44","slug":"criminosos-arrombam-igreja-para-roubar-vinho-e-comida-no-piaui","status":"publish","type":"post","link":"https:\/\/pinews.com.br\/index.php\/2019\/12\/03\/criminosos-arrombam-igreja-para-roubar-vinho-e-comida-no-piaui\/","title":{"rendered":"Criminosos arrombam igreja para roubar vinho e comida no Piau\u00ed"},"content":{"rendered":"\n<p>(Foto: Reprodu\u00e7\u00e3o)<\/p>\n\n\n\n<p style=\"text-align:justify\">Criminosos arrombaram nessa segunda-feira (2) a Igreja Nossa Senhora Aparecida, em Floriano, Sul do Piau\u00ed. Segundo a pol\u00edcia, o crime s\u00f3 foi percebido por volta das 18h, quando a coordenadora da par\u00f3quia chegou ao local.<\/p>\n\n\n\n<p style=\"text-align:justify\">De acordo com o comandante do 3\u00ba Batalh\u00e3o da Pol\u00edcia Militar, coronel Inaldo Barros, os suspeitos entraram pelo teto da igreja e roubaram v\u00e1rios produtos, entre eles, vinho e comida.<\/p>\n\n\n\n<p style=\"text-align:justify\">&#8220;A coordenadora ao chegar na igreja percebeu ind\u00edcios de arrombamentos, como o banheiro destelhado e com marcas de p\u00e9s nas paredes. Ela ligou para a pol\u00edcia e constatou que foram roubados o ventilador, produtos aliment\u00edcios, panelas e facas de cozinha&#8221;, contou.<\/p>\n\n\n\n<p style=\"text-align:justify\">A pol\u00edcia realizou dilig\u00eancias na regi\u00e3o, mas n\u00e3o conseguiu prender os suspeitos. A delegacia de Floriano vai investigar o crime.<\/p>\n\n\n\n<p><strong>Fonte: G1 PI<\/strong> <\/p>\n","protected":false},"excerpt":{"rendered":"<p>(Foto: Reprodu\u00e7\u00e3o) Criminosos arrombaram nessa segunda-feira (2) a Igreja Nossa Senhora Aparecida, em Floriano, Sul do Piau\u00ed. Segundo a pol\u00edcia, o crime s\u00f3 foi percebido por volta das 18h, quando a coordenadora da par\u00f3quia chegou ao local. De acordo com o comandante do 3\u00ba Batalh\u00e3o da Pol\u00edcia Militar, coronel Inaldo Barros, os suspeitos entraram pelo [&hellip;]<\/p>\n","protected":false},"author":1,"featured_media":2659,"comment_status":"open","ping_status":"open","sticky":false,"template":"","format":"standard","meta":{"beyondwords_generate_audio":"","beyondwords_project_id":"","beyondwords_podcast_id":"","beyondwords_hash":"","beyondwords_error_message":"","beyondwords_disabled":"","publish_post_to_speechkit":"","speechkit_generate_audio":"","speechkit_project_id":"","speechkit_podcast_id":"","speechkit_hash":"","speechkit_error_message":"","speechkit_disabled":"","speechkit_access_key":"","speechkit_error":"","speechkit_info":"","speechkit_response":"","speechkit_retries":"","_speechkit_link":"","_speechkit_text":""},"categories":[1184,51,78],"tags":[1706,243,1128,52,351,1707],"jetpack_featured_media_url":"","_links":{"self":[{"href":"https:\/\/pinews.com.br\/index.php\/wp-json\/wp\/v2\/posts\/2658"}],"collection":[{"href":"https:\/\/pinews.com.br\/index.php\/wp-json\/wp\/v2\/posts"}],"about":[{"href":"https:\/\/pinews.com.br\/index.php\/wp-json\/wp\/v2\/types\/post"}],"author":[{"embeddable":true,"href":"https:\/\/pinews.com.br\/index.php\/wp-json\/wp\/v2\/users\/1"}],"replies":[{"embeddable":true,"href":"https:\/\/pinews.com.br\/index.php\/wp-json\/wp\/v2\/comments?post=2658"}],"version-history":[{"count":0,"href":"https:\/\/pinews.com.br\/index.php\/wp-json\/wp\/v2\/posts\/2658\/revisions"}],"wp:featuredmedia":[{"embeddable":true,"href":"https:\/\/pinews.com.br\/index.php\/wp-json\/"}],"wp:attachment":[{"href":"https:\/\/pinews.com.br\/index.php\/wp-json\/wp\/v2\/media?parent=2658"}],"wp:term":[{"taxonomy":"category","embeddable":true,"href":"https:\/\/pinews.com.br\/index.php\/wp-json\/wp\/v2\/categories?post=2658"},{"taxonomy":"post_tag","embeddable":true,"href":"https:\/\/pinews.com.br\/index.php\/wp-json\/wp\/v2\/tags?post=2658"}],"curies":[{"name":"wp","href":"https:\/\/api.w.org\/{rel}","templated":true}]}}