{"id":26596,"date":"2021-09-16T19:34:17","date_gmt":"2021-09-16T22:34:17","guid":{"rendered":"https:\/\/pinews.com.br\/?p=26596"},"modified":"2021-09-16T19:34:17","modified_gmt":"2021-09-16T22:34:17","slug":"secretaria-de-educacao-do-piaui-abre-inscricoes-de-curso-tecnico-para-estudantes-com-ensino-medio","status":"publish","type":"post","link":"https:\/\/pinews.com.br\/index.php\/2021\/09\/16\/secretaria-de-educacao-do-piaui-abre-inscricoes-de-curso-tecnico-para-estudantes-com-ensino-medio\/","title":{"rendered":"Secretaria de Educa\u00e7\u00e3o do Piau\u00ed abre inscri\u00e7\u00f5es de curso t\u00e9cnico para estudantes com ensino m\u00e9dio"},"content":{"rendered":"\n<p>A Secretaria de Estado da Educa\u00e7\u00e3o (Seduc) do Piau\u00ed abriu nessa quarta-feira (15) as inscri\u00e7\u00f5es de curso de Educa\u00e7\u00e3o Profissional T\u00e9cnica de N\u00edvel M\u00e9dio, na modalidade semipresencial. As vagas est\u00e3o dispon\u00edveis em 16 munic\u00edpios.<\/p>\n\n\n\n<ul><li><a href=\"https:\/\/www.seduc.pi.gov.br\/download\/arquivos\/editais\/edital_1223730477.sei_00011.034931_2021_15.pdf\" target=\"_blank\" rel=\"noreferrer noopener\"><strong>Confira o edital aqui<\/strong><\/a><\/li><\/ul>\n\n\n\n<p>Para participar da sele\u00e7\u00e3o, o candidato deve ter idade m\u00ednima de 18 anos e ter conclu\u00eddo o ensino m\u00e9dio. A inscri\u00e7\u00e3o \u00e9 gratuita e segue at\u00e9 o dia 22 de setembro.<\/p>\n\n\n\n<p>Ao acessar a p\u00e1gina de inscri\u00e7\u00e3o dispon\u00edvel no endere\u00e7o eletr\u00f4nico. O candidato deve informar seus dados pessoais, assinalar o munic\u00edpio\/curso ao qual ir\u00e1 concorrer e anexar a documenta\u00e7\u00e3o exigida.<\/p>\n\n\n\n<p>S\u00e3o ofertadas vagas para o curso T\u00e9cnico em Com\u00e9rcio nas seguintes cidades: Agricol\u00e2ndia, Alagoinha do Piau\u00ed, Boa Hora, Caxing\u00f3, Guaribas, Jardim do Mulato, Luzil\u00e2ndia, Monsenhor Hip\u00f3lito, Morro do Chap\u00e9u, Novo Oriente, Passagem Franca do Piau\u00ed, Riacho Frio, S\u00e3o Jo\u00e3o da Fronteira, S\u00e3o Jo\u00e3o da Serra, Tanque do Piau\u00ed e V\u00e1rzea Grande.<\/p>\n\n\n\n<p>O processo de sele\u00e7\u00e3o ser\u00e1 por meio de sorteio eletr\u00f4nico das inscri\u00e7\u00f5es homologadas de forma aleat\u00f3ria, por meio de algoritmos e c\u00e1lculos matem\u00e1ticos, atendendo ao quantitativo de vagas estipulado no edital.<\/p>\n\n\n\n<p>O resultado do processo seletivo ser\u00e1 divulgado no site da Seduc-PI no dia 8 de outubro. O calend\u00e1rio escolar prev\u00ea o in\u00edcio das aulas para o dia 20 de outubro.<\/p>\n\n\n\n<p><strong>Fonte: G1 PI<\/strong><\/p>\n","protected":false},"excerpt":{"rendered":"<p>A Secretaria de Estado da Educa\u00e7\u00e3o (Seduc) do Piau\u00ed abriu nessa quarta-feira (15) as inscri\u00e7\u00f5es de curso de Educa\u00e7\u00e3o Profissional T\u00e9cnica de N\u00edvel M\u00e9dio, na modalidade semipresencial. As vagas est\u00e3o dispon\u00edveis em 16 munic\u00edpios. Confira o edital aqui Para participar da sele\u00e7\u00e3o, o candidato deve ter idade m\u00ednima de 18 anos e ter conclu\u00eddo o [&hellip;]<\/p>\n","protected":false},"author":1,"featured_media":26597,"comment_status":"open","ping_status":"open","sticky":false,"template":"","format":"standard","meta":{"beyondwords_generate_audio":"","beyondwords_project_id":"","beyondwords_podcast_id":"","beyondwords_hash":"","beyondwords_error_message":"","beyondwords_disabled":"","publish_post_to_speechkit":"","speechkit_generate_audio":"","speechkit_project_id":"","speechkit_podcast_id":"","speechkit_hash":"","speechkit_error_message":"","speechkit_disabled":"","speechkit_access_key":"","speechkit_error":"","speechkit_info":"","speechkit_response":"","speechkit_retries":"","_speechkit_link":"","_speechkit_text":""},"categories":[394,51],"tags":[412,505,44,378,5526,2332,1186,5541,350,52,892,6002],"jetpack_featured_media_url":"","_links":{"self":[{"href":"https:\/\/pinews.com.br\/index.php\/wp-json\/wp\/v2\/posts\/26596"}],"collection":[{"href":"https:\/\/pinews.com.br\/index.php\/wp-json\/wp\/v2\/posts"}],"about":[{"href":"https:\/\/pinews.com.br\/index.php\/wp-json\/wp\/v2\/types\/post"}],"author":[{"embeddable":true,"href":"https:\/\/pinews.com.br\/index.php\/wp-json\/wp\/v2\/users\/1"}],"replies":[{"embeddable":true,"href":"https:\/\/pinews.com.br\/index.php\/wp-json\/wp\/v2\/comments?post=26596"}],"version-history":[{"count":0,"href":"https:\/\/pinews.com.br\/index.php\/wp-json\/wp\/v2\/posts\/26596\/revisions"}],"wp:featuredmedia":[{"embeddable":true,"href":"https:\/\/pinews.com.br\/index.php\/wp-json\/"}],"wp:attachment":[{"href":"https:\/\/pinews.com.br\/index.php\/wp-json\/wp\/v2\/media?parent=26596"}],"wp:term":[{"taxonomy":"category","embeddable":true,"href":"https:\/\/pinews.com.br\/index.php\/wp-json\/wp\/v2\/categories?post=26596"},{"taxonomy":"post_tag","embeddable":true,"href":"https:\/\/pinews.com.br\/index.php\/wp-json\/wp\/v2\/tags?post=26596"}],"curies":[{"name":"wp","href":"https:\/\/api.w.org\/{rel}","templated":true}]}}