{"id":26610,"date":"2021-09-16T19:51:58","date_gmt":"2021-09-16T22:51:58","guid":{"rendered":"https:\/\/pinews.com.br\/?p=26610"},"modified":"2021-09-16T19:51:58","modified_gmt":"2021-09-16T22:51:58","slug":"jovem-e-preso-por-divulgar-em-rede-social-fiscalizacao-da-prf-na-br-230-no-piaui","status":"publish","type":"post","link":"https:\/\/pinews.com.br\/index.php\/2021\/09\/16\/jovem-e-preso-por-divulgar-em-rede-social-fiscalizacao-da-prf-na-br-230-no-piaui\/","title":{"rendered":"Jovem \u00e9 preso por divulgar em rede social fiscaliza\u00e7\u00e3o da PRF na BR-230, no Piau\u00ed"},"content":{"rendered":"\n<p>Um jovem de 24 anos foi preso na BR-230, em Oeiras, por divulgar em aplicativo de rede social uma fiscaliza\u00e7\u00e3o da Pol\u00edcia Rodovi\u00e1ria Federal (PRF) na rodovia. A a\u00e7\u00e3o aconteceu na tarde desta quarta-feira (15) durante trabalho de rotina.<\/p>\n\n\n\n<p>De acordo com a PRF, o suspeito ainda negou que estivesse divulgando imagens da fiscaliza\u00e7\u00e3o no aplicativo, mas logo em seguida foi comprovado o crime.<\/p>\n\n\n\n<p>&#8220;Ao ser questionado sobre as imagens, em um primeiro momento o homem negou, mas logo foi constatada a divulga\u00e7\u00e3o em um grupo de aplicativo de mensagens com aproximadamente 200 pessoas. Esse ato vai de encontro ao art. 265 do C\u00f3digo Penal&#8221;, informou a PRF.<\/p>\n\n\n\n<p>Segundo a PRF, esse tipo de crime \u00e9 categorizado como cibern\u00e9tico, ou seja, \u00e9 um crime j\u00e1 previsto no c\u00f3digo penal, mas que ocorre por meio da internet.<\/p>\n\n\n\n<p>&#8220;A fiscaliza\u00e7\u00e3o policial ocorre a fim de garantir a seguran\u00e7a dos motoristas nas estradas e rodovias federais, visto que visa coibir crimes de tr\u00e2nsito, como dirigir sob influ\u00eancia de \u00e1lcool e\/ou drogas, e crimes diversos como tr\u00e1fico de drogas, roubo e furto de ve\u00edculos&#8221;, disse a PRF.<\/p>\n\n\n\n<p>O jovem e o celular foram encaminhados \u00e0 Pol\u00edcia Civil na cidade de Oeiras para os procedimentos necess\u00e1rios. Ele responder\u00e1 pelo crime de Atentado contra a seguran\u00e7a p\u00fablica &#8211; Art. 265 da Lei 2.848\/1940 (C\u00f3digo Penal).<\/p>\n\n\n\n<p><strong>Fonte: Cidade Verde<\/strong><\/p>\n","protected":false},"excerpt":{"rendered":"<p>Um jovem de 24 anos foi preso na BR-230, em Oeiras, por divulgar em aplicativo de rede social uma fiscaliza\u00e7\u00e3o da Pol\u00edcia Rodovi\u00e1ria Federal (PRF) na rodovia. A a\u00e7\u00e3o aconteceu na tarde desta quarta-feira (15) durante trabalho de rotina. De acordo com a PRF, o suspeito ainda negou que estivesse divulgando imagens da fiscaliza\u00e7\u00e3o no [&hellip;]<\/p>\n","protected":false},"author":1,"featured_media":26611,"comment_status":"open","ping_status":"open","sticky":false,"template":"","format":"standard","meta":{"beyondwords_generate_audio":"","beyondwords_project_id":"","beyondwords_podcast_id":"","beyondwords_hash":"","beyondwords_error_message":"","beyondwords_disabled":"","publish_post_to_speechkit":"","speechkit_generate_audio":"","speechkit_project_id":"","speechkit_podcast_id":"","speechkit_hash":"","speechkit_error_message":"","speechkit_disabled":"","speechkit_access_key":"","speechkit_error":"","speechkit_info":"","speechkit_response":"","speechkit_retries":"","_speechkit_link":"","_speechkit_text":""},"categories":[51,78],"tags":[171,122,6840,72,46,1131,266,91,52,59,79,104,985,5857],"jetpack_featured_media_url":"","_links":{"self":[{"href":"https:\/\/pinews.com.br\/index.php\/wp-json\/wp\/v2\/posts\/26610"}],"collection":[{"href":"https:\/\/pinews.com.br\/index.php\/wp-json\/wp\/v2\/posts"}],"about":[{"href":"https:\/\/pinews.com.br\/index.php\/wp-json\/wp\/v2\/types\/post"}],"author":[{"embeddable":true,"href":"https:\/\/pinews.com.br\/index.php\/wp-json\/wp\/v2\/users\/1"}],"replies":[{"embeddable":true,"href":"https:\/\/pinews.com.br\/index.php\/wp-json\/wp\/v2\/comments?post=26610"}],"version-history":[{"count":0,"href":"https:\/\/pinews.com.br\/index.php\/wp-json\/wp\/v2\/posts\/26610\/revisions"}],"wp:featuredmedia":[{"embeddable":true,"href":"https:\/\/pinews.com.br\/index.php\/wp-json\/"}],"wp:attachment":[{"href":"https:\/\/pinews.com.br\/index.php\/wp-json\/wp\/v2\/media?parent=26610"}],"wp:term":[{"taxonomy":"category","embeddable":true,"href":"https:\/\/pinews.com.br\/index.php\/wp-json\/wp\/v2\/categories?post=26610"},{"taxonomy":"post_tag","embeddable":true,"href":"https:\/\/pinews.com.br\/index.php\/wp-json\/wp\/v2\/tags?post=26610"}],"curies":[{"name":"wp","href":"https:\/\/api.w.org\/{rel}","templated":true}]}}