{"id":26639,"date":"2021-09-17T19:34:49","date_gmt":"2021-09-17T22:34:49","guid":{"rendered":"https:\/\/pinews.com.br\/?p=26639"},"modified":"2021-09-17T19:34:49","modified_gmt":"2021-09-17T22:34:49","slug":"governo-federal-reconhece-situacao-de-emergencia-pela-seca-em-sao-raimundo-nonato","status":"publish","type":"post","link":"https:\/\/pinews.com.br\/index.php\/2021\/09\/17\/governo-federal-reconhece-situacao-de-emergencia-pela-seca-em-sao-raimundo-nonato\/","title":{"rendered":"Governo Federal reconhece situa\u00e7\u00e3o de emerg\u00eancia pela seca em S\u00e3o Raimundo Nonato"},"content":{"rendered":"\n<p>O Governo Federal reconheceu mais uma vez a situa\u00e7\u00e3o de emerg\u00eancia por causa da seca em S\u00e3o Raimundo Nonato, a 536 km de <a href=\"https:\/\/g1.globo.com\/pi\/piaui\/cidade\/teresina\/\">Teresina. <\/a>A portaria foi publicada no Di\u00e1rio Oficial da Uni\u00e3o nesta sexta-feira (17).<\/p>\n\n\n\n<p>A primeira vez que o Governo Federal fez o reconhecimento do problema no munic\u00edpio foi em maio deste ano. Desde ent\u00e3o, segundo o secret\u00e1rio de Defesa Civil do Piau\u00ed, Jos\u00e9 Augusto Nunes, medidas est\u00e3o sendo adotadas para amenizar os impactos da seca \u00e0 popula\u00e7\u00e3o.<\/p>\n\n\n\n<blockquote class=\"wp-block-quote\"><p>\u201cO munic\u00edpio est\u00e1 sendo socorrido por caminh\u00f5es-pipa e estamos planejando realizar a perfura\u00e7\u00e3o de po\u00e7os\u201d, informou.<\/p><\/blockquote>\n\n\n\n<p>A seca aumenta o risco de propaga\u00e7\u00e3o das queimadas. O munic\u00edpio vem enfrentando uma s\u00e9rie de inc\u00eandios que iniciaram no dia 7 de setembro. O fogo chegou atingir casas, propriedades e at\u00e9 animais.<\/p>\n\n\n\n<p>O primeiro foco de inc\u00eandio surgiu na Serra dos Gringos e o fogo amea\u00e7ava chegar at\u00e9 o Parque Nacional da Serra da Capivara, que concentra a maior quantidade de s\u00edtios arqueol\u00f3gicos pr\u00e9-hist\u00f3ricos das Am\u00e9ricas.<\/p>\n\n\n\n<p>Nesta sexta-feira (17), S\u00e3o Raimundo Nonato apresenta somente dois focos de inc\u00eandio. Um est\u00e1 sob controle e vem sendo monitorado pelo Corpo de Bombeiros. J\u00e1 o outro foco ainda n\u00e3o foi identificado.<\/p>\n\n\n\n<p><strong>Fonte: G1 PI<\/strong><\/p>\n","protected":false},"excerpt":{"rendered":"<p>O Governo Federal reconheceu mais uma vez a situa\u00e7\u00e3o de emerg\u00eancia por causa da seca em S\u00e3o Raimundo Nonato, a 536 km de Teresina. A portaria foi publicada no Di\u00e1rio Oficial da Uni\u00e3o nesta sexta-feira (17). A primeira vez que o Governo Federal fez o reconhecimento do problema no munic\u00edpio foi em maio deste ano. [&hellip;]<\/p>\n","protected":false},"author":1,"featured_media":26642,"comment_status":"open","ping_status":"open","sticky":false,"template":"","format":"standard","meta":{"beyondwords_generate_audio":"","beyondwords_project_id":"","beyondwords_podcast_id":"","beyondwords_hash":"","beyondwords_error_message":"","beyondwords_disabled":"","publish_post_to_speechkit":"","speechkit_generate_audio":"","speechkit_project_id":"","speechkit_podcast_id":"","speechkit_hash":"","speechkit_error_message":"","speechkit_disabled":"","speechkit_access_key":"","speechkit_error":"","speechkit_info":"","speechkit_response":"","speechkit_retries":"","_speechkit_link":"","_speechkit_text":""},"categories":[51],"tags":[44,46,5611,5461,458,9064,103,9065,8576,362,1690,799],"jetpack_featured_media_url":"","_links":{"self":[{"href":"https:\/\/pinews.com.br\/index.php\/wp-json\/wp\/v2\/posts\/26639"}],"collection":[{"href":"https:\/\/pinews.com.br\/index.php\/wp-json\/wp\/v2\/posts"}],"about":[{"href":"https:\/\/pinews.com.br\/index.php\/wp-json\/wp\/v2\/types\/post"}],"author":[{"embeddable":true,"href":"https:\/\/pinews.com.br\/index.php\/wp-json\/wp\/v2\/users\/1"}],"replies":[{"embeddable":true,"href":"https:\/\/pinews.com.br\/index.php\/wp-json\/wp\/v2\/comments?post=26639"}],"version-history":[{"count":0,"href":"https:\/\/pinews.com.br\/index.php\/wp-json\/wp\/v2\/posts\/26639\/revisions"}],"wp:featuredmedia":[{"embeddable":true,"href":"https:\/\/pinews.com.br\/index.php\/wp-json\/"}],"wp:attachment":[{"href":"https:\/\/pinews.com.br\/index.php\/wp-json\/wp\/v2\/media?parent=26639"}],"wp:term":[{"taxonomy":"category","embeddable":true,"href":"https:\/\/pinews.com.br\/index.php\/wp-json\/wp\/v2\/categories?post=26639"},{"taxonomy":"post_tag","embeddable":true,"href":"https:\/\/pinews.com.br\/index.php\/wp-json\/wp\/v2\/tags?post=26639"}],"curies":[{"name":"wp","href":"https:\/\/api.w.org\/{rel}","templated":true}]}}