{"id":26675,"date":"2021-09-18T11:10:01","date_gmt":"2021-09-18T14:10:01","guid":{"rendered":"https:\/\/pinews.com.br\/?p=26675"},"modified":"2021-09-18T11:10:01","modified_gmt":"2021-09-18T14:10:01","slug":"governo-altera-decreto-e-permite-ampliar-servicos-de-acesso-a-internet","status":"publish","type":"post","link":"https:\/\/pinews.com.br\/index.php\/2021\/09\/18\/governo-altera-decreto-e-permite-ampliar-servicos-de-acesso-a-internet\/","title":{"rendered":"Governo altera decreto e permite ampliar servi\u00e7os de acesso \u00e0 internet"},"content":{"rendered":"\n<p>O presidente Jair Bolsonaro editou decreto para permitir que a Ag\u00eancia Nacional de Telecomunica\u00e7\u00f5es (Anatel) possa prever novos compromissos com as operadoras com o objetivo de ampliar os servi\u00e7os de acesso \u00e0 internet, especialmente nas localidades de baixa ou nenhuma conectividade. A norma foi publicada em edi\u00e7\u00e3o extra do <em>Di\u00e1rio Oficial da Uni\u00e3o<\/em> (DOU) nesta sexta-feira (17).<img decoding=\"async\" scale=\"0\" src=\"https:\/\/agenciabrasil.ebc.com.br\/ebc.png?id=1422024&amp;o=node\"><img decoding=\"async\" scale=\"0\" src=\"https:\/\/agenciabrasil.ebc.com.br\/ebc.gif?id=1422024&amp;o=node\"><\/p>\n\n\n\n<p>O texto altera um decreto de 2018, que trata sobre pol\u00edticas de telecomunica\u00e7\u00f5es. Com isso, os compromissos de expans\u00e3o e de presta\u00e7\u00e3o dos servi\u00e7os fixados pela Anatel em fun\u00e7\u00e3o da celebra\u00e7\u00e3o de termos de ajustamento de conduta, de outorga onerosa de autoriza\u00e7\u00e3o de uso de radiofrequ\u00eancia e de atos regulat\u00f3rios em geral ser\u00e3o direcionados n\u00e3o apenas para investimentos em capacidade, como instala\u00e7\u00e3o de fibras \u00f3ticas, mas expans\u00e3o da cobertura de redes de acesso m\u00f3vel e fixa, em banda larga. As mudan\u00e7as fazem parte de um remodelamento do programa Cidades Conectadas, do Minist\u00e9rio das Comunica\u00e7\u00f5es.&nbsp;<\/p>\n\n\n\n<p>Al\u00e9m disso, o decreto tamb\u00e9m permite que outros \u00f3rg\u00e3os ou entidades p\u00fablicas ou privadas possam realizar a implementa\u00e7\u00e3o da rede privativa de comunica\u00e7\u00e3o da administra\u00e7\u00e3o p\u00fablica federal. At\u00e9 ent\u00e3o, essa fun\u00e7\u00e3o era exclusiva da Telebr\u00e1s, estatal inclu\u00edda pelo governo no programa de privatiza\u00e7\u00f5es.<\/p>\n\n\n\n<p><strong>Fonte: Ag\u00eancia Brasil<\/strong><\/p>\n","protected":false},"excerpt":{"rendered":"<p>O presidente Jair Bolsonaro editou decreto para permitir que a Ag\u00eancia Nacional de Telecomunica\u00e7\u00f5es (Anatel) possa prever novos compromissos com as operadoras com o objetivo de ampliar os servi\u00e7os de acesso \u00e0 internet, especialmente nas localidades de baixa ou nenhuma conectividade. A norma foi publicada em edi\u00e7\u00e3o extra do Di\u00e1rio Oficial da Uni\u00e3o (DOU) nesta [&hellip;]<\/p>\n","protected":false},"author":1,"featured_media":26676,"comment_status":"open","ping_status":"open","sticky":false,"template":"","format":"standard","meta":{"beyondwords_generate_audio":"","beyondwords_project_id":"","beyondwords_podcast_id":"","beyondwords_hash":"","beyondwords_error_message":"","beyondwords_disabled":"","publish_post_to_speechkit":"","speechkit_generate_audio":"","speechkit_project_id":"","speechkit_podcast_id":"","speechkit_hash":"","speechkit_error_message":"","speechkit_disabled":"","speechkit_access_key":"","speechkit_error":"","speechkit_info":"","speechkit_response":"","speechkit_retries":"","_speechkit_link":"","_speechkit_text":""},"categories":[134],"tags":[794,5819,6921,7556,44,2611,458,1931,5570,6668],"jetpack_featured_media_url":"","_links":{"self":[{"href":"https:\/\/pinews.com.br\/index.php\/wp-json\/wp\/v2\/posts\/26675"}],"collection":[{"href":"https:\/\/pinews.com.br\/index.php\/wp-json\/wp\/v2\/posts"}],"about":[{"href":"https:\/\/pinews.com.br\/index.php\/wp-json\/wp\/v2\/types\/post"}],"author":[{"embeddable":true,"href":"https:\/\/pinews.com.br\/index.php\/wp-json\/wp\/v2\/users\/1"}],"replies":[{"embeddable":true,"href":"https:\/\/pinews.com.br\/index.php\/wp-json\/wp\/v2\/comments?post=26675"}],"version-history":[{"count":0,"href":"https:\/\/pinews.com.br\/index.php\/wp-json\/wp\/v2\/posts\/26675\/revisions"}],"wp:featuredmedia":[{"embeddable":true,"href":"https:\/\/pinews.com.br\/index.php\/wp-json\/"}],"wp:attachment":[{"href":"https:\/\/pinews.com.br\/index.php\/wp-json\/wp\/v2\/media?parent=26675"}],"wp:term":[{"taxonomy":"category","embeddable":true,"href":"https:\/\/pinews.com.br\/index.php\/wp-json\/wp\/v2\/categories?post=26675"},{"taxonomy":"post_tag","embeddable":true,"href":"https:\/\/pinews.com.br\/index.php\/wp-json\/wp\/v2\/tags?post=26675"}],"curies":[{"name":"wp","href":"https:\/\/api.w.org\/{rel}","templated":true}]}}