{"id":26723,"date":"2021-09-19T19:28:04","date_gmt":"2021-09-19T22:28:04","guid":{"rendered":"https:\/\/pinews.com.br\/?p=26723"},"modified":"2021-09-19T19:28:04","modified_gmt":"2021-09-19T22:28:04","slug":"piripiri-recebera-nova-unidade-operacional-da-policia-rodoviaria-federal-prf","status":"publish","type":"post","link":"https:\/\/pinews.com.br\/index.php\/2021\/09\/19\/piripiri-recebera-nova-unidade-operacional-da-policia-rodoviaria-federal-prf\/","title":{"rendered":"Piripiri receber\u00e1 nova unidade operacional da Pol\u00edcia Rodovi\u00e1ria Federal (PRF)"},"content":{"rendered":"\n<p>O munic\u00edpio de Piripiri, distante 157 quil\u00f4metros de Teresina, receber\u00e1 uma unidade operacional da Pol\u00edcia Rodovi\u00e1ria Federal (PRF) na pr\u00f3xima ter\u00e7a-feira (28). Segundo a PRF, a implanta\u00e7\u00e3o do local busca oferecer ao efetivo policial condi\u00e7\u00f5es de atendimento durante as atividades de policiamento ordin\u00e1rio e extraordin\u00e1rio.<\/p>\n\n\n\n<p>Ainda de acordo com a Pol\u00edcia Rodovi\u00e1ria, o posto tamb\u00e9m conta com \u00e1rea coberta a qual \u00e9 destinada tamb\u00e9m \u00e0s atividades de fiscaliza\u00e7\u00e3o de ve\u00edculos e pessoas.<\/p>\n\n\n\n<p>Com a nova unidade operacional, a PRF visa implementar instala\u00e7\u00f5es modernas, seguras, representativas e funcionais para o desenvolvimento das atividades policiais, integrando com as outras unidades espalhadas pela Federa\u00e7\u00e3o.<\/p>\n\n\n\n<p>Segundo a Pol\u00edcia Rodovi\u00e1ria Federal, o evento de inaugura\u00e7\u00e3o ocorrer\u00e1 a partir das 10h e contar\u00e1 com a presen\u00e7a do Diretor geral da PRF Silvinei Vasques e outras autoridades.<\/p>\n\n\n\n<p><strong>Fonte: Rebeca Lima\/ Cidade Verde\/ Com informa\u00e7\u00f5es da PRF<\/strong><\/p>\n","protected":false},"excerpt":{"rendered":"<p>O munic\u00edpio de Piripiri, distante 157 quil\u00f4metros de Teresina, receber\u00e1 uma unidade operacional da Pol\u00edcia Rodovi\u00e1ria Federal (PRF) na pr\u00f3xima ter\u00e7a-feira (28). Segundo a PRF, a implanta\u00e7\u00e3o do local busca oferecer ao efetivo policial condi\u00e7\u00f5es de atendimento durante as atividades de policiamento ordin\u00e1rio e extraordin\u00e1rio. Ainda de acordo com a Pol\u00edcia Rodovi\u00e1ria, o posto tamb\u00e9m [&hellip;]<\/p>\n","protected":false},"author":1,"featured_media":26724,"comment_status":"open","ping_status":"open","sticky":false,"template":"","format":"standard","meta":{"beyondwords_generate_audio":"","beyondwords_project_id":"","beyondwords_podcast_id":"","beyondwords_hash":"","beyondwords_error_message":"","beyondwords_disabled":"","publish_post_to_speechkit":"","speechkit_generate_audio":"","speechkit_project_id":"","speechkit_podcast_id":"","speechkit_hash":"","speechkit_error_message":"","speechkit_disabled":"","speechkit_access_key":"","speechkit_error":"","speechkit_info":"","speechkit_response":"","speechkit_retries":"","_speechkit_link":"","_speechkit_text":""},"categories":[51],"tags":[122,5461,280,9116,1218,466,104,6751,411,791],"jetpack_featured_media_url":"","_links":{"self":[{"href":"https:\/\/pinews.com.br\/index.php\/wp-json\/wp\/v2\/posts\/26723"}],"collection":[{"href":"https:\/\/pinews.com.br\/index.php\/wp-json\/wp\/v2\/posts"}],"about":[{"href":"https:\/\/pinews.com.br\/index.php\/wp-json\/wp\/v2\/types\/post"}],"author":[{"embeddable":true,"href":"https:\/\/pinews.com.br\/index.php\/wp-json\/wp\/v2\/users\/1"}],"replies":[{"embeddable":true,"href":"https:\/\/pinews.com.br\/index.php\/wp-json\/wp\/v2\/comments?post=26723"}],"version-history":[{"count":0,"href":"https:\/\/pinews.com.br\/index.php\/wp-json\/wp\/v2\/posts\/26723\/revisions"}],"wp:featuredmedia":[{"embeddable":true,"href":"https:\/\/pinews.com.br\/index.php\/wp-json\/"}],"wp:attachment":[{"href":"https:\/\/pinews.com.br\/index.php\/wp-json\/wp\/v2\/media?parent=26723"}],"wp:term":[{"taxonomy":"category","embeddable":true,"href":"https:\/\/pinews.com.br\/index.php\/wp-json\/wp\/v2\/categories?post=26723"},{"taxonomy":"post_tag","embeddable":true,"href":"https:\/\/pinews.com.br\/index.php\/wp-json\/wp\/v2\/tags?post=26723"}],"curies":[{"name":"wp","href":"https:\/\/api.w.org\/{rel}","templated":true}]}}