{"id":26731,"date":"2021-09-19T19:35:56","date_gmt":"2021-09-19T22:35:56","guid":{"rendered":"https:\/\/pinews.com.br\/?p=26731"},"modified":"2021-09-19T19:35:56","modified_gmt":"2021-09-19T22:35:56","slug":"ator-luis-gustavo-morre-aos-87-anos","status":"publish","type":"post","link":"https:\/\/pinews.com.br\/index.php\/2021\/09\/19\/ator-luis-gustavo-morre-aos-87-anos\/","title":{"rendered":"Ator Luis Gustavo morre aos 87 anos"},"content":{"rendered":"\n<p>Morreu hoje (19) o ator Luis Gustavo Blanco, aos 87 anos de idade. Segundo o sobrinho, o tamb\u00e9m ator C\u00e1ssio Gabus Mendes, Luis Gustavo faleceu v\u00edtima de um c\u00e2ncer.<\/p>\n\n\n\n<p>\u201cDescanse na luz e na paz! Obrigado por tudo, meu amado tio\u201d, escreveu Gabus Mendes em uma publica\u00e7\u00e3o no Instagram, acompanhada de uma foto em preto e branco de Luiz Gustavo mais jovem.<\/p>\n\n\n\n<p>Filho de espanh\u00f3is, Luis Gustavo nasceu na Su\u00e9cia em 1934.<\/p>\n\n\n\n<p>Desde a d\u00e9cada de 1960, atuava na televis\u00e3o, na extinta TV Tupi. Em 1976 come\u00e7ou a fazer papeis em produ\u00e7\u00f5es da Rede Globo. Participou de diversas novelas, como<em>&nbsp;Elas por Elas<\/em>&nbsp;(1982),&nbsp;<em>Ti-Ti-Ti<\/em>&nbsp;(1985),&nbsp;<em>O Beijo do Vampiro<\/em>&nbsp;(2002) e&nbsp;<em>Joia Rara&nbsp;<\/em>(2013). Fez carreira tamb\u00e9m no teatro e no cinema.<\/p>\n\n\n\n<p>Entre os personagens mais lembrados que o ator interpretou nas novelas destacam-se o detetive M\u00e1rio Fofoca, Beto Rockfeller e o costureiro Victor Valentim. No programa humor\u00edstico <em>Sai de Baixo<\/em>, que foi ao ar de 1996 a 2002, Luis Gustavo era o s\u00edndico de um edif\u00edcio no Largo do Arouche, em S\u00e3o Paulo.<\/p>\n\n\n\n<p><strong>Fonte: Ag\u00eancia Brasil<\/strong><\/p>\n","protected":false},"excerpt":{"rendered":"<p>Morreu hoje (19) o ator Luis Gustavo Blanco, aos 87 anos de idade. Segundo o sobrinho, o tamb\u00e9m ator C\u00e1ssio Gabus Mendes, Luis Gustavo faleceu v\u00edtima de um c\u00e2ncer. \u201cDescanse na luz e na paz! Obrigado por tudo, meu amado tio\u201d, escreveu Gabus Mendes em uma publica\u00e7\u00e3o no Instagram, acompanhada de uma foto em preto [&hellip;]<\/p>\n","protected":false},"author":1,"featured_media":26732,"comment_status":"open","ping_status":"open","sticky":false,"template":"","format":"standard","meta":{"beyondwords_generate_audio":"","beyondwords_project_id":"","beyondwords_podcast_id":"","beyondwords_hash":"","beyondwords_error_message":"","beyondwords_disabled":"","publish_post_to_speechkit":"","speechkit_generate_audio":"","speechkit_project_id":"","speechkit_podcast_id":"","speechkit_hash":"","speechkit_error_message":"","speechkit_disabled":"","speechkit_access_key":"","speechkit_error":"","speechkit_info":"","speechkit_response":"","speechkit_retries":"","_speechkit_link":"","_speechkit_text":""},"categories":[134],"tags":[8062,82,142,6388,8237,8656,119],"jetpack_featured_media_url":"","_links":{"self":[{"href":"https:\/\/pinews.com.br\/index.php\/wp-json\/wp\/v2\/posts\/26731"}],"collection":[{"href":"https:\/\/pinews.com.br\/index.php\/wp-json\/wp\/v2\/posts"}],"about":[{"href":"https:\/\/pinews.com.br\/index.php\/wp-json\/wp\/v2\/types\/post"}],"author":[{"embeddable":true,"href":"https:\/\/pinews.com.br\/index.php\/wp-json\/wp\/v2\/users\/1"}],"replies":[{"embeddable":true,"href":"https:\/\/pinews.com.br\/index.php\/wp-json\/wp\/v2\/comments?post=26731"}],"version-history":[{"count":0,"href":"https:\/\/pinews.com.br\/index.php\/wp-json\/wp\/v2\/posts\/26731\/revisions"}],"wp:featuredmedia":[{"embeddable":true,"href":"https:\/\/pinews.com.br\/index.php\/wp-json\/"}],"wp:attachment":[{"href":"https:\/\/pinews.com.br\/index.php\/wp-json\/wp\/v2\/media?parent=26731"}],"wp:term":[{"taxonomy":"category","embeddable":true,"href":"https:\/\/pinews.com.br\/index.php\/wp-json\/wp\/v2\/categories?post=26731"},{"taxonomy":"post_tag","embeddable":true,"href":"https:\/\/pinews.com.br\/index.php\/wp-json\/wp\/v2\/tags?post=26731"}],"curies":[{"name":"wp","href":"https:\/\/api.w.org\/{rel}","templated":true}]}}