{"id":26740,"date":"2021-09-19T19:45:13","date_gmt":"2021-09-19T22:45:13","guid":{"rendered":"https:\/\/pinews.com.br\/?p=26740"},"modified":"2021-09-19T19:45:13","modified_gmt":"2021-09-19T22:45:13","slug":"homem-morre-em-grave-acidente-entre-carro-e-moto-em-oeiras","status":"publish","type":"post","link":"https:\/\/pinews.com.br\/index.php\/2021\/09\/19\/homem-morre-em-grave-acidente-entre-carro-e-moto-em-oeiras\/","title":{"rendered":"Homem morre em grave acidente entre carro e moto em Oeiras"},"content":{"rendered":"\n<p>Morreu, na noite deste s\u00e1bado (18) v\u00edtima de um&nbsp;acidente envolvendo um moto e um carro, um homem identificado como Carlito Pereira da Silva, de 33 anos. A colis\u00e3o aconteceu na PI-236, no munic\u00edpio de Oeiras.<\/p>\n\n\n\n<p>Segundo informa\u00e7\u00f5es repassadas pela Pol\u00edcia Militar, &nbsp;a v\u00edtima pilotava uma Yamaha Faxtor 125 e colidiu com um carro modelo Celta, de cor branca.&nbsp;O piloto da moto veio a \u00f3bito ainda no local.&nbsp;As duas pessoas que estavam no carro sa\u00edram ilesas.<\/p>\n\n\n\n<p>O carro foi abandonado pelos ocupantes, que se evadiram do local ap\u00f3s o acidente.&nbsp;A moto foi devolvida \u00e0 fam\u00edlia da v\u00edtima que mora em uma localidade pr\u00f3xima.<\/p>\n\n\n\n<p>O corpo da v\u00edtima foi removido por uma equipe da Pol\u00edcia Civil que esteve no local e levado para Unidade de Pronto Atendimento em Oeiras. A PM tamb\u00e9m esteve no local ap\u00f3s chamado via COPOM.<\/p>\n\n\n\n<p><strong>Fonte: Oeiras Em Foco<\/strong><\/p>\n","protected":false},"excerpt":{"rendered":"<p>Morreu, na noite deste s\u00e1bado (18) v\u00edtima de um&nbsp;acidente envolvendo um moto e um carro, um homem identificado como Carlito Pereira da Silva, de 33 anos. A colis\u00e3o aconteceu na PI-236, no munic\u00edpio de Oeiras. Segundo informa\u00e7\u00f5es repassadas pela Pol\u00edcia Militar, &nbsp;a v\u00edtima pilotava uma Yamaha Faxtor 125 e colidiu com um carro modelo Celta, [&hellip;]<\/p>\n","protected":false},"author":1,"featured_media":26741,"comment_status":"open","ping_status":"open","sticky":false,"template":"","format":"standard","meta":{"beyondwords_generate_audio":"","beyondwords_project_id":"","beyondwords_podcast_id":"","beyondwords_hash":"","beyondwords_error_message":"","beyondwords_disabled":"","publish_post_to_speechkit":"","speechkit_generate_audio":"","speechkit_project_id":"","speechkit_podcast_id":"","speechkit_hash":"","speechkit_error_message":"","speechkit_disabled":"","speechkit_access_key":"","speechkit_error":"","speechkit_info":"","speechkit_response":"","speechkit_retries":"","_speechkit_link":"","_speechkit_text":""},"categories":[51],"tags":[176,62,46,178,404,84,119,304,1266],"jetpack_featured_media_url":"","_links":{"self":[{"href":"https:\/\/pinews.com.br\/index.php\/wp-json\/wp\/v2\/posts\/26740"}],"collection":[{"href":"https:\/\/pinews.com.br\/index.php\/wp-json\/wp\/v2\/posts"}],"about":[{"href":"https:\/\/pinews.com.br\/index.php\/wp-json\/wp\/v2\/types\/post"}],"author":[{"embeddable":true,"href":"https:\/\/pinews.com.br\/index.php\/wp-json\/wp\/v2\/users\/1"}],"replies":[{"embeddable":true,"href":"https:\/\/pinews.com.br\/index.php\/wp-json\/wp\/v2\/comments?post=26740"}],"version-history":[{"count":0,"href":"https:\/\/pinews.com.br\/index.php\/wp-json\/wp\/v2\/posts\/26740\/revisions"}],"wp:featuredmedia":[{"embeddable":true,"href":"https:\/\/pinews.com.br\/index.php\/wp-json\/"}],"wp:attachment":[{"href":"https:\/\/pinews.com.br\/index.php\/wp-json\/wp\/v2\/media?parent=26740"}],"wp:term":[{"taxonomy":"category","embeddable":true,"href":"https:\/\/pinews.com.br\/index.php\/wp-json\/wp\/v2\/categories?post=26740"},{"taxonomy":"post_tag","embeddable":true,"href":"https:\/\/pinews.com.br\/index.php\/wp-json\/wp\/v2\/tags?post=26740"}],"curies":[{"name":"wp","href":"https:\/\/api.w.org\/{rel}","templated":true}]}}