{"id":26758,"date":"2021-09-20T11:33:47","date_gmt":"2021-09-20T14:33:47","guid":{"rendered":"https:\/\/pinews.com.br\/?p=26758"},"modified":"2021-09-20T11:33:47","modified_gmt":"2021-09-20T14:33:47","slug":"piaui-recebe-mais-de-200-mil-doses-de-vacina-contra-a-covid-19-parte-delas-sera-usada-para-reforco","status":"publish","type":"post","link":"https:\/\/pinews.com.br\/index.php\/2021\/09\/20\/piaui-recebe-mais-de-200-mil-doses-de-vacina-contra-a-covid-19-parte-delas-sera-usada-para-reforco\/","title":{"rendered":"Piau\u00ed recebe mais de 200 mil doses de vacina contra a Covid-19; parte delas ser\u00e1 usada para refor\u00e7o"},"content":{"rendered":"\n<p>O Piau\u00ed recebeu 204.220 doses de vacinas contra a Covid-19 no s\u00e1bado (18) e domingo (19). Foram enviados pelo Plano Nacional de Imuniza\u00e7\u00e3o para o estado 103.600 imunizantes CoronaVac\/Butantan e 100.620 Pfizer-BioNTech.<\/p>\n\n\n\n<p>As doses da Pfizer ser\u00e3o destinadas para a dose de refor\u00e7o dos idosos acima de 70 anos, que dever\u00e1 ser administrada seis meses ap\u00f3s a \u00faltima dose do esquema vacinal (segunda dose ou dose \u00fanica), independente do imunizante aplicado.<\/p>\n\n\n\n<p>A popula\u00e7\u00e3o com alto grau de imunossupress\u00e3o tamb\u00e9m receber\u00e1 dose de refor\u00e7o da Pfizer. Nesse caso, a aplica\u00e7\u00e3o do refor\u00e7o deve acontecer em 28 dias ap\u00f3s a \u00faltima dose do esquema b\u00e1sico.<\/p>\n\n\n\n<p>Os crit\u00e9rios para classifica\u00e7\u00e3o como popula\u00e7\u00e3o com alto grau de imunossupress\u00e3o est\u00e3o definidos em nota t\u00e9cnica do Minist\u00e9rio da Sa\u00fade, assim como as vacinas que dever\u00e3o ser usadas como refor\u00e7o.<\/p>\n\n\n\n<figure class=\"wp-block-image\"><img decoding=\"async\" src=\"https:\/\/s2.glbimg.com\/tEkkg0oMdzfjcuYxxL5vBEyEAdw=\/0x376:720x1066\/984x0\/smart\/filters:strip_icc()\/i.s3.glbimg.com\/v1\/AUTH_59edd422c0c84a879bd37670ae4f538a\/internal_photos\/bs\/2021\/3\/K\/Kv9ppdQ6KCMcoAM0TWTg\/whatsapp-image-2021-09-20-at-08.34.45.jpeg\" alt=\"Novas doses de vacina contra a Covid-19 chegam ao Piau\u00ed \u2014 Foto: Divulga\u00e7\u00e3o\/Sesapi\"\/><figcaption>Novas doses de vacina contra a Covid-19 chegam ao Piau\u00ed \u2014 Foto: Divulga\u00e7\u00e3o\/Sesapi<\/figcaption><\/figure>\n\n\n\n<p>\u201cA vacina a ser utilizada para a dose adicional dever\u00e1 ser, preferencialmente, da plataforma de RNA mensageiro (Pfizer\/Wyeth) ou, de maneira alternativa, vacina de vetor viral,Janssen ou Astrazeneca&#8221;, explicou o superintendente de Aten\u00e7\u00e3o Prim\u00e1ria \u00e0 Sa\u00fade e Munic\u00edpios, Herlon Guimar\u00e3es.<\/p>\n\n\n\n<p>As doses da CoronaVac ser\u00e3o utilizadas para primeira e segunda dose da popula\u00e7\u00e3o em geral. \u201cNossos esfor\u00e7os s\u00e3o para ampliar ao m\u00e1ximo o alcance da popula\u00e7\u00e3o \u00e0 vacina\u00e7\u00e3o, mas \u00e9 preciso a colabora\u00e7\u00e3o de todos nesse esfor\u00e7o. Por isso pedimos a todos que n\u00e3o deixem de se vacinar, para sairmos dessa pandemia\u201d, afirmou o secret\u00e1rio estadual de Sa\u00fade, Florentino Neto.<\/p>\n\n\n\n<p>As vacinas que chegaram no s\u00e1bado e domingo ser\u00e3o enviadas a partir desta segunda-feira (20) para as regionais de sa\u00fade, onde os munic\u00edpios far\u00e3o a retirada.<\/p>\n\n\n\n<p>A Secretaria Estadual de Sa\u00fade solicitou que os gestores organizem seus calend\u00e1rios para continuar com a vacina\u00e7\u00e3o da popula\u00e7\u00e3o em geral e \u00e0 aplica\u00e7\u00e3o da dose de refor\u00e7o.<\/p>\n\n\n\n<p>Est\u00e1 prevista ainda a chegada de 39.500 doses de FioCruz\/AstraZeneca, na tarde desta segunda-feira (20).<\/p>\n\n\n\n<p><strong>Fonte: G1 PI<\/strong><\/p>\n","protected":false},"excerpt":{"rendered":"<p>O Piau\u00ed recebeu 204.220 doses de vacinas contra a Covid-19 no s\u00e1bado (18) e domingo (19). Foram enviados pelo Plano Nacional de Imuniza\u00e7\u00e3o para o estado 103.600 imunizantes CoronaVac\/Butantan e 100.620 Pfizer-BioNTech. As doses da Pfizer ser\u00e3o destinadas para a dose de refor\u00e7o dos idosos acima de 70 anos, que dever\u00e1 ser administrada seis meses [&hellip;]<\/p>\n","protected":false},"author":1,"featured_media":26759,"comment_status":"open","ping_status":"open","sticky":false,"template":"","format":"standard","meta":{"beyondwords_generate_audio":"","beyondwords_project_id":"","beyondwords_podcast_id":"","beyondwords_hash":"","beyondwords_error_message":"","beyondwords_disabled":"","publish_post_to_speechkit":"","speechkit_generate_audio":"","speechkit_project_id":"","speechkit_podcast_id":"","speechkit_hash":"","speechkit_error_message":"","speechkit_disabled":"","speechkit_access_key":"","speechkit_error":"","speechkit_info":"","speechkit_response":"","speechkit_retries":"","_speechkit_link":"","_speechkit_text":""},"categories":[51,1288],"tags":[370,294,5307,44,9126,6230,76,109,350,6465,52,2962,5447,5367,9127,3178],"jetpack_featured_media_url":"","_links":{"self":[{"href":"https:\/\/pinews.com.br\/index.php\/wp-json\/wp\/v2\/posts\/26758"}],"collection":[{"href":"https:\/\/pinews.com.br\/index.php\/wp-json\/wp\/v2\/posts"}],"about":[{"href":"https:\/\/pinews.com.br\/index.php\/wp-json\/wp\/v2\/types\/post"}],"author":[{"embeddable":true,"href":"https:\/\/pinews.com.br\/index.php\/wp-json\/wp\/v2\/users\/1"}],"replies":[{"embeddable":true,"href":"https:\/\/pinews.com.br\/index.php\/wp-json\/wp\/v2\/comments?post=26758"}],"version-history":[{"count":0,"href":"https:\/\/pinews.com.br\/index.php\/wp-json\/wp\/v2\/posts\/26758\/revisions"}],"wp:featuredmedia":[{"embeddable":true,"href":"https:\/\/pinews.com.br\/index.php\/wp-json\/"}],"wp:attachment":[{"href":"https:\/\/pinews.com.br\/index.php\/wp-json\/wp\/v2\/media?parent=26758"}],"wp:term":[{"taxonomy":"category","embeddable":true,"href":"https:\/\/pinews.com.br\/index.php\/wp-json\/wp\/v2\/categories?post=26758"},{"taxonomy":"post_tag","embeddable":true,"href":"https:\/\/pinews.com.br\/index.php\/wp-json\/wp\/v2\/tags?post=26758"}],"curies":[{"name":"wp","href":"https:\/\/api.w.org\/{rel}","templated":true}]}}