{"id":268,"date":"2019-07-06T16:17:32","date_gmt":"2019-07-06T19:17:32","guid":{"rendered":"https:\/\/pinews.com.br\/?p=268"},"modified":"2019-07-06T16:17:32","modified_gmt":"2019-07-06T19:17:32","slug":"fogo-destroi-estudio-de-fotografia-em-picos","status":"publish","type":"post","link":"https:\/\/pinews.com.br\/index.php\/2019\/07\/06\/fogo-destroi-estudio-de-fotografia-em-picos\/","title":{"rendered":"Fogo destr\u00f3i est\u00fadio de fotografia em Picos"},"content":{"rendered":"\n<p align=\"justify\">Uma loja especializada em fotografia e filmagem pegou fogo na madrugada deste s\u00e1bado (6), em Picos. Segundo o Corpo de Bombeiros, o incidente aconteceu na JS Auzeni Fotografias, localizada no Centro da cidade. Equipamentos eletr\u00f4nicos, fotogr\u00e1ficos e de filmagem foram perdidos com o inc\u00eandio. As causas ainda s\u00e3o desconhecidas.<\/p>\n\n\n\n<figure class=\"wp-block-image\"><img decoding=\"async\" src=\"https:\/\/grandepicos.com.br\/wp-content\/uploads\/2019\/07\/d6222db1-84b3-4c52-bf0d-fb60af020543.jpg\" alt=\"\" class=\"wp-image-44599\"\/><figcaption>(Foto: Reprodu\u00e7\u00e3o)<\/figcaption><\/figure>\n\n\n\n<p align=\"justify\">Segundo informa\u00e7\u00f5es repassadas pelo comandante do Corpo de Bombeiros, Hamylton Lemos, o estabelecimento faz parte de um pr\u00e9dio com dois andares, por\u00e9m o r\u00e1pido atendimento dos bombeiros evitou que o inc\u00eandio se alastrasse, para o outro im\u00f3vel quando a guarni\u00e7\u00e3o chegou, o respons\u00e1vel pelo estabelecimento j\u00e1 estava no local com as chaves. N\u00e3o houve v\u00edtimas.<\/p>\n\n\n\n<p align=\"justify\">\u201c A carga combust\u00edvel que se encontrava l\u00e1 papel e madeira esse fogo teve um aumento muito r\u00e1pido de propaga\u00e7\u00e3o, e para evitar que se propagasse para o andar de cima ou nas laterais o Corpo de Bombeiros atuou de imediato\u201d, disse.<\/p>\n\n\n\n<p><strong>Fonte: Grande Picos<\/strong><\/p>\n\n\n\n<figure class=\"wp-block-image\"><img decoding=\"async\" src=\"https:\/\/pinews.com.br\/wp-content\/uploads\/2019\/07\/banner-ramon-cds.jpg\" alt=\"\"\/><\/figure>\n","protected":false},"excerpt":{"rendered":"<p>Uma loja especializada em fotografia e filmagem pegou fogo na madrugada deste s\u00e1bado (6), em Picos. Segundo o Corpo de Bombeiros, o incidente aconteceu na JS Auzeni Fotografias, localizada no Centro da cidade. Equipamentos eletr\u00f4nicos, fotogr\u00e1ficos e de filmagem foram perdidos com o inc\u00eandio. As causas ainda s\u00e3o desconhecidas. Segundo informa\u00e7\u00f5es repassadas pelo comandante do [&hellip;]<\/p>\n","protected":false},"author":1,"featured_media":269,"comment_status":"open","ping_status":"open","sticky":false,"template":"","format":"standard","meta":{"beyondwords_generate_audio":"","beyondwords_project_id":"","beyondwords_podcast_id":"","beyondwords_hash":"","beyondwords_error_message":"","beyondwords_disabled":"","publish_post_to_speechkit":"","speechkit_generate_audio":"","speechkit_project_id":"","speechkit_podcast_id":"","speechkit_hash":"","speechkit_error_message":"","speechkit_disabled":"","speechkit_access_key":"","speechkit_error":"","speechkit_info":"","speechkit_response":"","speechkit_retries":"","_speechkit_link":"","_speechkit_text":""},"categories":[1184,124,51,126],"tags":[459,52,125],"jetpack_featured_media_url":"","_links":{"self":[{"href":"https:\/\/pinews.com.br\/index.php\/wp-json\/wp\/v2\/posts\/268"}],"collection":[{"href":"https:\/\/pinews.com.br\/index.php\/wp-json\/wp\/v2\/posts"}],"about":[{"href":"https:\/\/pinews.com.br\/index.php\/wp-json\/wp\/v2\/types\/post"}],"author":[{"embeddable":true,"href":"https:\/\/pinews.com.br\/index.php\/wp-json\/wp\/v2\/users\/1"}],"replies":[{"embeddable":true,"href":"https:\/\/pinews.com.br\/index.php\/wp-json\/wp\/v2\/comments?post=268"}],"version-history":[{"count":0,"href":"https:\/\/pinews.com.br\/index.php\/wp-json\/wp\/v2\/posts\/268\/revisions"}],"wp:featuredmedia":[{"embeddable":true,"href":"https:\/\/pinews.com.br\/index.php\/wp-json\/"}],"wp:attachment":[{"href":"https:\/\/pinews.com.br\/index.php\/wp-json\/wp\/v2\/media?parent=268"}],"wp:term":[{"taxonomy":"category","embeddable":true,"href":"https:\/\/pinews.com.br\/index.php\/wp-json\/wp\/v2\/categories?post=268"},{"taxonomy":"post_tag","embeddable":true,"href":"https:\/\/pinews.com.br\/index.php\/wp-json\/wp\/v2\/tags?post=268"}],"curies":[{"name":"wp","href":"https:\/\/api.w.org\/{rel}","templated":true}]}}