{"id":26836,"date":"2021-09-22T11:49:44","date_gmt":"2021-09-22T14:49:44","guid":{"rendered":"https:\/\/pinews.com.br\/?p=26836"},"modified":"2021-09-22T11:49:44","modified_gmt":"2021-09-22T14:49:44","slug":"governador-se-reune-com-joao-doria-para-a-compra-direta-de-500-mil-doses-de-coronavac","status":"publish","type":"post","link":"https:\/\/pinews.com.br\/index.php\/2021\/09\/22\/governador-se-reune-com-joao-doria-para-a-compra-direta-de-500-mil-doses-de-coronavac\/","title":{"rendered":"Governador se re\u00fane com Jo\u00e3o Doria para a compra direta de 500 mil doses de Coronavac"},"content":{"rendered":"\n<p>O governador Wellington Dias (PT) se re\u00fane na manh\u00e3 de hoje (22) com o Instituto Butantan e o governador Jo\u00e3o Doria (PSDB) para tratar sobre a compra direita de vacinas Coronavac.&nbsp;<\/p>\n\n\n\n<p>V\u00e1rios chefes do poder executivo participam da reuni\u00e3o em S\u00e3o Paulo. O governo do Piau\u00ed pretende comprar 500 mil doses da Coronavac para ampliar a vacina\u00e7\u00e3o no estado. Participam da reuni\u00e3o o secret\u00e1rio Estadual de Sa\u00fade, Florentino Neto e os governadores Camilo Santana (Cear\u00e1), Helder Barbalho (Par\u00e1) e Renato Casagrande (Esp\u00edrito Santo).&nbsp;<\/p>\n\n\n\n<p>Hoje, devido as negocia\u00e7\u00f5es mais avan\u00e7adas, o governador de S\u00e3o Paulo realiza a entrega de doses de vacinas CoronaVac\/Sinovac, produzidas pelo Butantan, ao governador Camilo Santana. As doses ser\u00e3o encaminhadas ao Cear\u00e1 e distribu\u00eddas entre os munic\u00edpios do Estado.&nbsp;<\/p>\n\n\n\n<p>O governo do Piau\u00ed j\u00e1 elaborou um termo de coopera\u00e7\u00e3o e j\u00e1 encaminhou ao Minist\u00e9rio da Sa\u00fade para a compra direta dos imunizantes.<\/p>\n\n\n\n<p>A Secretaria Estadual de Sa\u00fade (Sesapi) quer destinar parte da Coronavac para incrementar a vacina\u00e7\u00e3o dos adultos e idosos e usar o imunizante Pfizer para os adolescentes de 12 a 17 anos.&nbsp;<\/p>\n\n\n\n<p><strong>Fonte: Flash Yala Sena\/ Cidade Verde<\/strong><\/p>\n","protected":false},"excerpt":{"rendered":"<p>O governador Wellington Dias (PT) se re\u00fane na manh\u00e3 de hoje (22) com o Instituto Butantan e o governador Jo\u00e3o Doria (PSDB) para tratar sobre a compra direita de vacinas Coronavac.&nbsp; V\u00e1rios chefes do poder executivo participam da reuni\u00e3o em S\u00e3o Paulo. O governo do Piau\u00ed pretende comprar 500 mil doses da Coronavac para ampliar [&hellip;]<\/p>\n","protected":false},"author":1,"featured_media":26837,"comment_status":"open","ping_status":"open","sticky":false,"template":"","format":"standard","meta":{"beyondwords_generate_audio":"","beyondwords_project_id":"","beyondwords_podcast_id":"","beyondwords_hash":"","beyondwords_error_message":"","beyondwords_disabled":"","publish_post_to_speechkit":"","speechkit_generate_audio":"","speechkit_project_id":"","speechkit_podcast_id":"","speechkit_hash":"","speechkit_error_message":"","speechkit_disabled":"","speechkit_access_key":"","speechkit_error":"","speechkit_info":"","speechkit_response":"","speechkit_retries":"","_speechkit_link":"","_speechkit_text":""},"categories":[134],"tags":[913,906,6229,44,8915,9145,6230,2310,6412,109,350,6943,129],"jetpack_featured_media_url":"","_links":{"self":[{"href":"https:\/\/pinews.com.br\/index.php\/wp-json\/wp\/v2\/posts\/26836"}],"collection":[{"href":"https:\/\/pinews.com.br\/index.php\/wp-json\/wp\/v2\/posts"}],"about":[{"href":"https:\/\/pinews.com.br\/index.php\/wp-json\/wp\/v2\/types\/post"}],"author":[{"embeddable":true,"href":"https:\/\/pinews.com.br\/index.php\/wp-json\/wp\/v2\/users\/1"}],"replies":[{"embeddable":true,"href":"https:\/\/pinews.com.br\/index.php\/wp-json\/wp\/v2\/comments?post=26836"}],"version-history":[{"count":0,"href":"https:\/\/pinews.com.br\/index.php\/wp-json\/wp\/v2\/posts\/26836\/revisions"}],"wp:featuredmedia":[{"embeddable":true,"href":"https:\/\/pinews.com.br\/index.php\/wp-json\/"}],"wp:attachment":[{"href":"https:\/\/pinews.com.br\/index.php\/wp-json\/wp\/v2\/media?parent=26836"}],"wp:term":[{"taxonomy":"category","embeddable":true,"href":"https:\/\/pinews.com.br\/index.php\/wp-json\/wp\/v2\/categories?post=26836"},{"taxonomy":"post_tag","embeddable":true,"href":"https:\/\/pinews.com.br\/index.php\/wp-json\/wp\/v2\/tags?post=26836"}],"curies":[{"name":"wp","href":"https:\/\/api.w.org\/{rel}","templated":true}]}}