{"id":26861,"date":"2021-09-22T19:54:52","date_gmt":"2021-09-22T22:54:52","guid":{"rendered":"https:\/\/pinews.com.br\/?p=26861"},"modified":"2021-09-22T19:54:52","modified_gmt":"2021-09-22T22:54:52","slug":"secretaria-de-saude-do-piaui-anuncia-que-municipios-poderao-aplicar-dose-de-reforco-contra-covid-19-a-partir-desta-semana","status":"publish","type":"post","link":"https:\/\/pinews.com.br\/index.php\/2021\/09\/22\/secretaria-de-saude-do-piaui-anuncia-que-municipios-poderao-aplicar-dose-de-reforco-contra-covid-19-a-partir-desta-semana\/","title":{"rendered":"Secretaria de Sa\u00fade do Piau\u00ed anuncia que munic\u00edpios poder\u00e3o aplicar dose de refor\u00e7o contra Covid-19 a partir desta semana"},"content":{"rendered":"\n<p>A Secretaria de Sa\u00fade do Piau\u00ed (Sesapi) anunciou que os munic\u00edpios piauienses poder\u00e3o aplicar a dose de refor\u00e7o contra a Covid-19 a partir desta semana. O estado recebeu 20 mil doses da Pfizer para serem usadas como refor\u00e7o.<\/p>\n\n\n\n<p>Os imunizantes ser\u00e3o distribu\u00eddos para as regionais de sa\u00fade na quinta-feira (23) e, em seguida, os munic\u00edpios poder\u00e3o retirar as vacinas.<\/p>\n\n\n\n<p>As doses ser\u00e3o destinadas para a dose de refor\u00e7o dos idosos acima de 70 anos, que dever\u00e1 ser administrada seis meses ap\u00f3s a \u00faltima dose do esquema vacinal (segunda dose ou dose \u00fanica), independente do imunizante aplicado.<\/p>\n\n\n\n<p>A popula\u00e7\u00e3o com alto grau de imunossupress\u00e3o tamb\u00e9m receber\u00e1 dose de refor\u00e7o da Pfizer. Nesse caso, a aplica\u00e7\u00e3o do refor\u00e7o deve acontecer em 28 dias ap\u00f3s a \u00faltima dose do esquema b\u00e1sico.<\/p>\n\n\n\n<blockquote class=\"wp-block-quote\"><p>\u201cA decis\u00e3o considera o refor\u00e7o vacinal como necess\u00e1rio para uma resposta mais efetiva contra casos graves da doen\u00e7a e \u00f3bito\u201d, informou o secret\u00e1rio estadual de sa\u00fade Florentino Neto.<\/p><\/blockquote>\n\n\n\n<p>A dose de refor\u00e7o foi estabelecida atrav\u00e9s da <a rel=\"noreferrer noopener\" href=\"https:\/\/www.gov.br\/saude\/pt-br\/coronavirus\/vacinas\/NTDoseReforo.pdf\" target=\"_blank\">nota t\u00e9cnica n\u00ba 27\/2021<\/a>, da Secretaria Especial de Enfrentamento \u00e0 Covid-19. Ela destaca que a medida est\u00e1 sendo tomada porque os idosos e os indiv\u00edduos com alto grau de imunossupress\u00e3o apresentaram menor prote\u00e7\u00e3o pelo esquema padr\u00e3o da vacina\u00e7\u00e3o aos mais diversos tipos de imunizantes.<\/p>\n\n\n\n<p><strong>Fonte: G1 PI<\/strong><\/p>\n","protected":false},"excerpt":{"rendered":"<p>A Secretaria de Sa\u00fade do Piau\u00ed (Sesapi) anunciou que os munic\u00edpios piauienses poder\u00e3o aplicar a dose de refor\u00e7o contra a Covid-19 a partir desta semana. O estado recebeu 20 mil doses da Pfizer para serem usadas como refor\u00e7o. Os imunizantes ser\u00e3o distribu\u00eddos para as regionais de sa\u00fade na quinta-feira (23) e, em seguida, os munic\u00edpios [&hellip;]<\/p>\n","protected":false},"author":1,"featured_media":26862,"comment_status":"open","ping_status":"open","sticky":false,"template":"","format":"standard","meta":{"beyondwords_generate_audio":"","beyondwords_project_id":"","beyondwords_podcast_id":"","beyondwords_hash":"","beyondwords_error_message":"","beyondwords_disabled":"","publish_post_to_speechkit":"","speechkit_generate_audio":"","speechkit_project_id":"","speechkit_podcast_id":"","speechkit_hash":"","speechkit_error_message":"","speechkit_disabled":"","speechkit_access_key":"","speechkit_error":"","speechkit_info":"","speechkit_response":"","speechkit_retries":"","_speechkit_link":"","_speechkit_text":""},"categories":[51,1288],"tags":[3195,6111,294,5307,44,6515,7475,459,5303,52,6859,5447,891,892,5863],"jetpack_featured_media_url":"","_links":{"self":[{"href":"https:\/\/pinews.com.br\/index.php\/wp-json\/wp\/v2\/posts\/26861"}],"collection":[{"href":"https:\/\/pinews.com.br\/index.php\/wp-json\/wp\/v2\/posts"}],"about":[{"href":"https:\/\/pinews.com.br\/index.php\/wp-json\/wp\/v2\/types\/post"}],"author":[{"embeddable":true,"href":"https:\/\/pinews.com.br\/index.php\/wp-json\/wp\/v2\/users\/1"}],"replies":[{"embeddable":true,"href":"https:\/\/pinews.com.br\/index.php\/wp-json\/wp\/v2\/comments?post=26861"}],"version-history":[{"count":0,"href":"https:\/\/pinews.com.br\/index.php\/wp-json\/wp\/v2\/posts\/26861\/revisions"}],"wp:featuredmedia":[{"embeddable":true,"href":"https:\/\/pinews.com.br\/index.php\/wp-json\/"}],"wp:attachment":[{"href":"https:\/\/pinews.com.br\/index.php\/wp-json\/wp\/v2\/media?parent=26861"}],"wp:term":[{"taxonomy":"category","embeddable":true,"href":"https:\/\/pinews.com.br\/index.php\/wp-json\/wp\/v2\/categories?post=26861"},{"taxonomy":"post_tag","embeddable":true,"href":"https:\/\/pinews.com.br\/index.php\/wp-json\/wp\/v2\/tags?post=26861"}],"curies":[{"name":"wp","href":"https:\/\/api.w.org\/{rel}","templated":true}]}}