{"id":26880,"date":"2021-09-23T11:06:03","date_gmt":"2021-09-23T14:06:03","guid":{"rendered":"https:\/\/pinews.com.br\/?p=26880"},"modified":"2021-09-23T11:06:03","modified_gmt":"2021-09-23T14:06:03","slug":"ministerio-da-saude-libera-vacinacao-contra-covid-para-adolescentes-sem-comorbidades","status":"publish","type":"post","link":"https:\/\/pinews.com.br\/index.php\/2021\/09\/23\/ministerio-da-saude-libera-vacinacao-contra-covid-para-adolescentes-sem-comorbidades\/","title":{"rendered":"Minist\u00e9rio da Sa\u00fade libera vacina\u00e7\u00e3o contra Covid para adolescentes sem comorbidades"},"content":{"rendered":"\n<p>Menos de uma semana ap\u00f3s ter recomendado a suspens\u00e3o da imuniza\u00e7\u00e3o contra a covid-19 em adolescentes sem comorbidade, o Minist\u00e9rio da Sa\u00fade recuou da decis\u00e3o na noite desta quarta-feira, 22. A pasta afirmou que a restri\u00e7\u00e3o foi imposta de &#8220;forma cautelar&#8221; e que, ap\u00f3s apura\u00e7\u00e3o de todos os riscos e benef\u00edcios, a medida est\u00e1 suspensa e a nova recomenda\u00e7\u00e3o \u00e9 para que esse p\u00fablico seja vacinado.<\/p>\n\n\n\n<p>Na \u00faltima quinta-feira, a pasta tinha alegado que um dos motivos para suspender a vacina\u00e7\u00e3o nessa faixa et\u00e1ria seria o caso de uma adolescente de 16 anos, em S\u00e3o Bernardo do Campo, regi\u00e3o metropolitana de S\u00e3o Paulo, que morreu uma semana ap\u00f3s ser imunizada com a Pfizer.<\/p>\n\n\n\n<p>No dia seguinte, por\u00e9m, um diagn\u00f3stico assinado por 70 especialistas concluiu que a jovem era portadora de uma doen\u00e7a autoimune, grave e rara, conhecida como P\u00farpura Tromb\u00f3tica Trombocitop\u00eanica (PTT), e que n\u00e3o havia qualquer &#8220;rela\u00e7\u00e3o causal&#8221; entre o \u00f3bito e a vacina. A an\u00e1lise recebeu o aval da Anvisa na segunda-feira, que classificou os dados como &#8220;consistentes e bem documentados&#8221;.<\/p>\n\n\n\n<p>Mesmo com a recomenda\u00e7\u00e3o do minist\u00e9rio, Estados e munic\u00edpios continuaram imunizando adolescentes e ignorando a decis\u00e3o da pasta, como mostrou o Estad\u00e3o.<\/p>\n\n\n\n<p>Segundo o Minist\u00e9rio da Sa\u00fade, a pasta agiu com &#8220;prud\u00eancia&#8221; ao suspender a imuniza\u00e7\u00e3o em adolescentes e, nos \u00faltimos dias, montou uma for\u00e7a-tarefa para estudar os efeitos adversos nesse p\u00fablico. A conclus\u00e3o foi a mesma emitida em nota pela Anvisa na semana passada, de que os eventuais riscos n\u00e3o superam os benef\u00edcios da vacina\u00e7\u00e3o nesse p\u00fablico.<\/p>\n\n\n\n<p>De acordo com o secret\u00e1rio-executivo Rodrigo Cruz, n\u00e3o houve &#8220;precipita\u00e7\u00e3o&#8221; do Minist\u00e9rio da Sa\u00fade ao orientar a suspens\u00e3o, uma vez que o \u00f3bito \u00e9 considerado &#8220;efeito adverso grave&#8221; e a pasta preferiu agir com cautela. Ele ainda citou que a mesma medida foi tomada quando houve o \u00f3bito de uma gestante rec\u00e9m-imunizada com a AstraZeneca.<\/p>\n\n\n\n<p>A pasta tamb\u00e9m recomendou que os Estados sigam acompanhando casos de adolescentes vacinados para a monitora\u00e7\u00e3o de efeitos adversos.<\/p>\n\n\n\n<p><strong>Fonte: Estad\u00e3o Conte\u00fado <\/strong><\/p>\n","protected":false},"excerpt":{"rendered":"<p>Menos de uma semana ap\u00f3s ter recomendado a suspens\u00e3o da imuniza\u00e7\u00e3o contra a covid-19 em adolescentes sem comorbidade, o Minist\u00e9rio da Sa\u00fade recuou da decis\u00e3o na noite desta quarta-feira, 22. A pasta afirmou que a restri\u00e7\u00e3o foi imposta de &#8220;forma cautelar&#8221; e que, ap\u00f3s apura\u00e7\u00e3o de todos os riscos e benef\u00edcios, a medida est\u00e1 suspensa [&hellip;]<\/p>\n","protected":false},"author":1,"featured_media":26881,"comment_status":"open","ping_status":"open","sticky":false,"template":"","format":"standard","meta":{"beyondwords_generate_audio":"","beyondwords_project_id":"","beyondwords_podcast_id":"","beyondwords_hash":"","beyondwords_error_message":"","beyondwords_disabled":"","publish_post_to_speechkit":"","speechkit_generate_audio":"","speechkit_project_id":"","speechkit_podcast_id":"","speechkit_hash":"","speechkit_error_message":"","speechkit_disabled":"","speechkit_access_key":"","speechkit_error":"","speechkit_info":"","speechkit_response":"","speechkit_retries":"","_speechkit_link":"","_speechkit_text":""},"categories":[134,1288],"tags":[597,7893,294,2406,122,810,2649,350,891,975,347],"jetpack_featured_media_url":"","_links":{"self":[{"href":"https:\/\/pinews.com.br\/index.php\/wp-json\/wp\/v2\/posts\/26880"}],"collection":[{"href":"https:\/\/pinews.com.br\/index.php\/wp-json\/wp\/v2\/posts"}],"about":[{"href":"https:\/\/pinews.com.br\/index.php\/wp-json\/wp\/v2\/types\/post"}],"author":[{"embeddable":true,"href":"https:\/\/pinews.com.br\/index.php\/wp-json\/wp\/v2\/users\/1"}],"replies":[{"embeddable":true,"href":"https:\/\/pinews.com.br\/index.php\/wp-json\/wp\/v2\/comments?post=26880"}],"version-history":[{"count":0,"href":"https:\/\/pinews.com.br\/index.php\/wp-json\/wp\/v2\/posts\/26880\/revisions"}],"wp:featuredmedia":[{"embeddable":true,"href":"https:\/\/pinews.com.br\/index.php\/wp-json\/"}],"wp:attachment":[{"href":"https:\/\/pinews.com.br\/index.php\/wp-json\/wp\/v2\/media?parent=26880"}],"wp:term":[{"taxonomy":"category","embeddable":true,"href":"https:\/\/pinews.com.br\/index.php\/wp-json\/wp\/v2\/categories?post=26880"},{"taxonomy":"post_tag","embeddable":true,"href":"https:\/\/pinews.com.br\/index.php\/wp-json\/wp\/v2\/tags?post=26880"}],"curies":[{"name":"wp","href":"https:\/\/api.w.org\/{rel}","templated":true}]}}