{"id":27017,"date":"2021-09-27T10:43:17","date_gmt":"2021-09-27T13:43:17","guid":{"rendered":"https:\/\/pinews.com.br\/?p=27017"},"modified":"2021-09-27T10:43:17","modified_gmt":"2021-09-27T13:43:17","slug":"acusado-de-homicidio-em-uniao-e-timon-e-preso-na-zona-rural-de-teresina","status":"publish","type":"post","link":"https:\/\/pinews.com.br\/index.php\/2021\/09\/27\/acusado-de-homicidio-em-uniao-e-timon-e-preso-na-zona-rural-de-teresina\/","title":{"rendered":"Acusado de homic\u00eddio em Uni\u00e3o e Timon \u00e9 preso na zona rural de Teresina"},"content":{"rendered":"\n<p>Um homem identificado como Eduardo Alves de Amorim Filho, vulgo Loirinho, foi preso nesta segunda (27) no povoado Boa Hora, zona rural de Teresina. Ele \u00e9 acusado pelos crimes de roubo e latroc\u00ednio, no ano de 2017, no munic\u00edpio de Uni\u00e3o, e estava foragido do sistema prisional do Maranh\u00e3o.<\/p>\n\n\n\n<p>De acordo com a Pol\u00edcia Civil do Piau\u00ed, al\u00e9m do crime cometido no Piau\u00ed, o homem possu\u00eda mais dois mandados de pris\u00e3o em aberto no estado do Maranh\u00e3o e no Distrito Federal.<\/p>\n\n\n\n<p>Em 2019, a Pol\u00edcia Civil do Maranh\u00e3o chegou a prender Eduardo em cumprimento ao mandado de pris\u00e3o expedido pela Comarca de Uni\u00e3o. Na a\u00e7\u00e3o, ele foi ferido em troca de tiros com a Pol\u00edcia Civil de Timon e ficou hospitalizado. Ele conseguiu fugir da unidade de sa\u00fade onde estava internado e foi preso novamente no munic\u00edpio de Caxias, ap\u00f3s buscar atendimento m\u00e9dico. As informa\u00e7\u00f5es s\u00e3o da Secretaria de Seguran\u00e7a P\u00fablica do Maranh\u00e3o.<\/p>\n\n\n\n<p>Ele est\u00e1 detido na sede da Secret\u00e1ria de Seguran\u00e7a do Piau\u00ed. No momento da pris\u00e3o, a equipe tamb\u00e9m apreendeu armas de fogo e muni\u00e7\u00f5es.<\/p>\n\n\n\n<p><strong>Fonte: Marcos Cunha\/ Cidade Verde<\/strong><\/p>\n","protected":false},"excerpt":{"rendered":"<p>Um homem identificado como Eduardo Alves de Amorim Filho, vulgo Loirinho, foi preso nesta segunda (27) no povoado Boa Hora, zona rural de Teresina. Ele \u00e9 acusado pelos crimes de roubo e latroc\u00ednio, no ano de 2017, no munic\u00edpio de Uni\u00e3o, e estava foragido do sistema prisional do Maranh\u00e3o. De acordo com a Pol\u00edcia Civil [&hellip;]<\/p>\n","protected":false},"author":1,"featured_media":27018,"comment_status":"open","ping_status":"open","sticky":false,"template":"","format":"standard","meta":{"beyondwords_generate_audio":"","beyondwords_project_id":"","beyondwords_podcast_id":"","beyondwords_hash":"","beyondwords_error_message":"","beyondwords_disabled":"","publish_post_to_speechkit":"","speechkit_generate_audio":"","speechkit_project_id":"","speechkit_podcast_id":"","speechkit_hash":"","speechkit_error_message":"","speechkit_disabled":"","speechkit_access_key":"","speechkit_error":"","speechkit_info":"","speechkit_response":"","speechkit_retries":"","_speechkit_link":"","_speechkit_text":""},"categories":[51,78,81],"tags":[1273,44,72,46,162,91,79,93,187,2127,1272,97],"jetpack_featured_media_url":"","_links":{"self":[{"href":"https:\/\/pinews.com.br\/index.php\/wp-json\/wp\/v2\/posts\/27017"}],"collection":[{"href":"https:\/\/pinews.com.br\/index.php\/wp-json\/wp\/v2\/posts"}],"about":[{"href":"https:\/\/pinews.com.br\/index.php\/wp-json\/wp\/v2\/types\/post"}],"author":[{"embeddable":true,"href":"https:\/\/pinews.com.br\/index.php\/wp-json\/wp\/v2\/users\/1"}],"replies":[{"embeddable":true,"href":"https:\/\/pinews.com.br\/index.php\/wp-json\/wp\/v2\/comments?post=27017"}],"version-history":[{"count":0,"href":"https:\/\/pinews.com.br\/index.php\/wp-json\/wp\/v2\/posts\/27017\/revisions"}],"wp:featuredmedia":[{"embeddable":true,"href":"https:\/\/pinews.com.br\/index.php\/wp-json\/"}],"wp:attachment":[{"href":"https:\/\/pinews.com.br\/index.php\/wp-json\/wp\/v2\/media?parent=27017"}],"wp:term":[{"taxonomy":"category","embeddable":true,"href":"https:\/\/pinews.com.br\/index.php\/wp-json\/wp\/v2\/categories?post=27017"},{"taxonomy":"post_tag","embeddable":true,"href":"https:\/\/pinews.com.br\/index.php\/wp-json\/wp\/v2\/tags?post=27017"}],"curies":[{"name":"wp","href":"https:\/\/api.w.org\/{rel}","templated":true}]}}